{"id":965,"date":"2025-12-02T12:12:22","date_gmt":"2025-12-02T15:12:22","guid":{"rendered":"https:\/\/radiola25.com.ar\/?p=965"},"modified":"2025-12-02T12:12:23","modified_gmt":"2025-12-02T15:12:23","slug":"los-pobres-de-milei-cuatro-millones-de-nuevos-pobres-en-la-era-de-la-crueldad","status":"publish","type":"post","link":"https:\/\/radiola25.com.ar\/index.php\/2025\/12\/02\/los-pobres-de-milei-cuatro-millones-de-nuevos-pobres-en-la-era-de-la-crueldad\/","title":{"rendered":"Los pobres de Milei: cuatro millones de nuevos pobres en la era de la crueldad"},"content":{"rendered":"\n<h2 class=\"wp-block-heading\"><strong>Por Juan Jos\u00e9 S\u00e1nchez<\/strong><\/h2>\n\n\n\n<figure class=\"wp-block-image size-full\"><img loading=\"lazy\" decoding=\"async\" width=\"1000\" height=\"500\" src=\"https:\/\/radiola25.com.ar\/wp-content\/uploads\/2025\/12\/image.png\" alt=\"\" class=\"wp-image-966\" srcset=\"https:\/\/radiola25.com.ar\/wp-content\/uploads\/2025\/12\/image.png 1000w, https:\/\/radiola25.com.ar\/wp-content\/uploads\/2025\/12\/image-300x150.png 300w, https:\/\/radiola25.com.ar\/wp-content\/uploads\/2025\/12\/image-768x384.png 768w\" sizes=\"auto, (max-width: 1000px) 100vw, 1000px\" \/><\/figure>\n\n\n\n<p>Un nuevo an\u00e1lisis t\u00e9cnico del Instituto\u00a0<strong>Cecilia Grierson<\/strong>, desnuda la manipulaci\u00f3n de los n\u00fameros de pobreza, revelando que supera el 50% pese a los intentos oficiales por mostrar una mejora ficticia.<\/p>\n\n\n\n<p><em>&#8220;La pobreza es el miedo al hambre&#8221;<\/em>. Con esta contundente definici\u00f3n humana comienza un demoledor estudio t\u00e9cnico que desnuda c\u00f3mo las estad\u00edsticas oficiales en Argentina han sido manipuladas en distintos momentos, creando un relato ficticio que, en el caso de la Pobreza, oculta una tragedia social en expansi\u00f3n<\/p>\n\n\n\n<p>El informe\u00a0<em>&#8220;La Pobreza de la Medici\u00f3n de la Pobreza&#8221;<\/em>, basado en an\u00e1lisis de estudios del Centro CIFRA-CTA y otras consultoras independientes, revela que mientras el INDEC anunciaba descensos en la pobreza durante el segundo semestre de 2024 y primero de 2025, la realidad mostraba exactamente lo contrario: un aumento estructural que hoy proyecta una pobreza del 51% para 2025.<\/p>\n\n\n\n<p>El estudio identifica al menos seis problemas metodol\u00f3gicos clave que distorsionan la medici\u00f3n, los m\u00e1s importantes son:<\/p>\n\n\n\n<ul class=\"wp-block-list\">\n<li>Canasta B\u00e1sica Obsoleta: Se utiliza una canasta basada en consumos de 2003-2004, que no refleja patrones actuales como internet o el peso real de servicios esenciales.<\/li>\n\n\n\n<li>Subdeclaraci\u00f3n Cr\u00f3nica de Ingresos: Por desconocimiento, o por miedo fiscal, verg\u00fcenza o desconfianza, los argentinos ocultan hasta el 84% de sus ingresos reales seg\u00fan estudios de Equilibra que comparan las declaraciones de la Encuesta Permanente de Hogares EPH con los registros administrativos del SIPA.<\/li>\n\n\n\n<li>Cambios Metodol\u00f3gicos Convenientes: En 2024, el INDEC modific\u00f3 abruptamente el cuestionario de la EPH, incorporando preguntas espec\u00edficas sobre ingresos antes no registrados. El resultado fue artificial: los ingresos de las actividades informales mostraron incrementos del 196% contra 117% de inflaci\u00f3n en 2024, algo t\u00e9cnicamente improbable para actividades de sectores que no tienen capacidad de trasladar la inflaci\u00f3n a los ingresos.<\/li>\n\n\n\n<li>Efecto &#8220;acantilado estad\u00edstico&#8221;: La alta concentraci\u00f3n de poblaci\u00f3n cerca del umbral de pobreza significa que peque\u00f1as variaciones en ingresos o canastas generan cambios desproporcionados en las estad\u00edsticas.<\/li>\n<\/ul>\n\n\n\n<p>El an\u00e1lisis muestra una correlaci\u00f3n inversa de -0,843 (muy elevada) entre gasto p\u00fablico consolidado (naci\u00f3n, provincias y municipios) y pobreza. Es decir, cuando el Estado se ajusta, la pobreza aumenta. Esta relaci\u00f3n, observada consistentemente desde 2004, convierte en inexplicable la ca\u00edda de pobreza reportada oficialmente en un contexto de:<\/p>\n\n\n\n<ul class=\"wp-block-list\">\n<li>Reducci\u00f3n del gasto p\u00fablico al 28.18% del PBI (nivel m\u00e1s bajo desde 1976).<\/li>\n\n\n\n<li>P\u00e9rdida neta de entre 224.000 a 277.000 empleos formales (registrados).<\/li>\n\n\n\n<li>Cierre de entre 15.000 a 20.000 PyMEs.<\/li>\n\n\n\n<li>Ca\u00edda del consumo de carne (-17,6%), leche (-18,7%) y yerba (-9,2%).<\/li>\n\n\n\n<li>Poblaci\u00f3n en situaci\u00f3n de calle en CABA: aument\u00f3 un +27% (4.522 personas, datos oficiales).<\/li>\n\n\n\n<li>Morosidad crediticia en l\u00edneas personales: del 2,8% creci\u00f3 al 5,2%.<\/li>\n\n\n\n<li>64% de empleados p\u00fablicos con m\u00faltiples trabajos, 52% de ellos a\u00fan por debajo de la l\u00ednea de pobreza.<\/li>\n<\/ul>\n\n\n\n<p>El Observatorio de la Deuda Social de la UCA agregaba ratios 2024 que son r\u00e9cords en la serie desde 2004:<\/p>\n\n\n\n<ul class=\"wp-block-list\">\n<li>Inseguridad alimentaria: sube hasta el 24,3% de hogares<\/li>\n\n\n\n<li>Recorte en medicamentos: 29,4% de hogares<\/li>\n\n\n\n<li>Trabajadores debajo de la l\u00ednea de la pobreza: 35,8%<\/li>\n<\/ul>\n\n\n\n<p><strong>La serie corregida: la verdad razonable<\/strong><\/p>\n\n\n\n<p>Frente a esta distorsi\u00f3n, el estudio construye una serie corregida, a partir de la Serie Homog\u00e9nea del Centro CIFRA. Esta serie CIFRA est\u00e1 construida con los microdatos de la Encuesta Permanente de Hogares (EPH-INDEC) seg\u00fan metodolog\u00eda INDEC actual, a la que el Instituto Cecilia Grierson aplic\u00f3 ajustes por subdeclaraci\u00f3n de ingresos y proyecciones para los datos del segundo semestre 2024 y primer semestre 2025.<\/p>\n\n\n\n<p>El estudio asume que la pobreza no ha disminuido en los \u00faltimos dos a\u00f1os. La alta correlaci\u00f3n inversa entre Gasto P\u00fablico Consolidado (% del PBI) y la Tasa de Pobreza puede ser alterada por variaciones en la composici\u00f3n de la Demanda Agregada (% del PBI). En efecto, durante la Pandemia COVID 19 se verific\u00f3 un cambio profundo y repentino de la composici\u00f3n del Producto Bruto Interno (PBI): creci\u00f3 mucho el Gasto P\u00fablico Agregado y cay\u00f3 la Inversi\u00f3n y el Consumo Privado. Se desplom\u00f3 la actividad privada y el Estado sali\u00f3 a cubrir el bache en los ingresos de la poblaci\u00f3n, a trav\u00e9s de distintos tipos de subsidios y transferencias. As\u00ed y todo no alcanz\u00f3, y se verifica un crecimiento del Gasto P\u00fablico Consolidado con aumento de la Pobreza, rompiendo la correlaci\u00f3n negativa. Se analiza que, en sentido inverso, la \u00fanica forma que hay para que la tasa de pobreza por ingresos (L\u00ednea de Pobreza) baje cuando cae el Gasto P\u00fablico Consolidado, es que crezca mucho y r\u00e1pidamente la inversi\u00f3n y el consumo privado. La investigaci\u00f3n afirma que esto no ha ocurrido, y le dedica una parte importante del informe a dar cuenta de esto. Por este motivo, se entiende que es imposible que baje la tasa de pobreza cuando cae a la vez todos los componentes del producto. Afirmando de esta forma que existe un error en las dos \u00faltimas mediciones de la Pobreza.<\/p>\n\n\n\n<p>Y a partir de ese dato, explica las razones en los errores estad\u00edsticos que pueden determinar tendencias contrarias a las que se verifican en la realidad. De esta forma, y para este estudio, la Pobreza en el primer semestre del 2025 alcanzar\u00eda al 51% de la poblaci\u00f3n mientras que para los datos oficiales del INDEC estar\u00eda en el 31,6%.<\/p>\n\n\n\n<p>El informe concluye con una denuncia frontal:&nbsp;<em>&#8220;Las recientes ca\u00eddas en la pobreza reportadas por el INDEC no reflejan una mejora genuina, sino que forman parte del maquillaje circense que busca ocultar el profundo deterioro social&#8221;<\/em>. Y remata con crudeza:&nbsp;<em>&#8220;Mientras el Presidente Javier Milei afirma que sac\u00f3 de la pobreza a 12 millones de personas, la realidad muestra que hizo todo lo contrario: descart\u00f3 a casi 4 millones de nuevos pobres&#8221;<\/em>.<\/p>\n\n\n\n<p>El estudio finaliza regresando al concepto inicial: la pobreza como miedo al hambre.&nbsp;<em>&#8220;Es la angustia de una madre que no sabe c\u00f3mo llenar la olla, la incertidumbre de un ni\u00f1o que espera un plato de comida&#8221;<\/em>. Mientras el gobierno de Javier Milei celebra cifras en una planilla Excel, millones de argentinos enfrentan cada d\u00eda la verdadera pobreza: esa que no se mide en porcentajes sino en platos vac\u00edos y esperanzas postergadas. El informe t\u00e9cnico lo confirma: el maquillaje estad\u00edstico no puede ocultar el hambre real.<\/p>\n\n\n\n<figure class=\"wp-block-image\" id=\"390154-Libre-987537498_wrap\"><img decoding=\"async\" src=\"https:\/\/media.elancasti.com.ar\/p\/cb1c876a7607051f49f465249c61eb98\/adjuntos\/325\/imagenes\/000\/398\/0000398514\/1000x0\/smart\/image.png\" alt=\"\" title=\"\"\/><\/figure>\n\n\n\n<figure class=\"wp-block-image\" id=\"390155-Libre-198054599_wrap\"><img decoding=\"async\" src=\"https:\/\/media.elancasti.com.ar\/p\/c633eceef2d36ca57d6cf0c6a9511e48\/adjuntos\/325\/imagenes\/000\/398\/0000398515\/1000x0\/smart\/image.png\" alt=\"\" title=\"\"\/><\/figure>\n\n\n\n<figure class=\"wp-block-image\" id=\"390156-Libre-224948264_wrap\"><img decoding=\"async\" src=\"https:\/\/media.elancasti.com.ar\/p\/3db52acda3a215c81fae599dbac9a93b\/adjuntos\/325\/imagenes\/000\/398\/0000398516\/1000x0\/smart\/image.png\" alt=\"\" title=\"\"\/><\/figure>\n\n\n\n<p><strong>Juan Jos\u00e9 S\u00e1nchez&nbsp;<\/strong>es Lic. en Administraci\u00f3n; Lic. en Comercio Internacional; Especialista en Gesti\u00f3n de la Econom\u00eda Social y Solidaria (EGESS \u2013 UNQ); y Especialista en Planeamiento Educativo (IIPE \u2013 UNESCO). Forma parte del Instituto de Investigaci\u00f3n Cecilia Grierson. E-mail:&nbsp;juanjosanchez61@gmail.com<\/p>\n\n\n\n<p>El&nbsp;<strong>Instituto Cecilia Grierson<\/strong>&nbsp;forma parte de la Asociaci\u00f3n La Carrillo de Catamarca. Se orienta a la Investigaci\u00f3n Acci\u00f3n Participativa en problem\u00e1ticas vinculadas con la salud integral.<\/p>\n\n\n\n<p><\/p>\n","protected":false},"excerpt":{"rendered":"<p>Por Juan Jos\u00e9 S\u00e1nchez Un nuevo an\u00e1lisis t\u00e9cnico del Instituto\u00a0Cecilia Grierson, desnuda la manipulaci\u00f3n de&#8230;<\/p>\n","protected":false},"author":4,"featured_media":0,"comment_status":"open","ping_status":"open","sticky":false,"template":"","format":"standard","meta":{"footnotes":""},"categories":[1],"tags":[],"class_list":["post-965","post","type-post","status-publish","format-standard","hentry","category-uncategorized"],"_links":{"self":[{"href":"https:\/\/radiola25.com.ar\/index.php\/wp-json\/wp\/v2\/posts\/965","targetHints":{"allow":["GET"]}}],"collection":[{"href":"https:\/\/radiola25.com.ar\/index.php\/wp-json\/wp\/v2\/posts"}],"about":[{"href":"https:\/\/radiola25.com.ar\/index.php\/wp-json\/wp\/v2\/types\/post"}],"author":[{"embeddable":true,"href":"https:\/\/radiola25.com.ar\/index.php\/wp-json\/wp\/v2\/users\/4"}],"replies":[{"embeddable":true,"href":"https:\/\/radiola25.com.ar\/index.php\/wp-json\/wp\/v2\/comments?post=965"}],"version-history":[{"count":1,"href":"https:\/\/radiola25.com.ar\/index.php\/wp-json\/wp\/v2\/posts\/965\/revisions"}],"predecessor-version":[{"id":967,"href":"https:\/\/radiola25.com.ar\/index.php\/wp-json\/wp\/v2\/posts\/965\/revisions\/967"}],"wp:attachment":[{"href":"https:\/\/radiola25.com.ar\/index.php\/wp-json\/wp\/v2\/media?parent=965"}],"wp:term":[{"taxonomy":"category","embeddable":true,"href":"https:\/\/radiola25.com.ar\/index.php\/wp-json\/wp\/v2\/categories?post=965"},{"taxonomy":"post_tag","embeddable":true,"href":"https:\/\/radiola25.com.ar\/index.php\/wp-json\/wp\/v2\/tags?post=965"}],"curies":[{"name":"wp","href":"https:\/\/api.w.org\/{rel}","templated":true}]}}