{"id":795,"date":"2025-03-13T19:29:46","date_gmt":"2025-03-13T22:29:46","guid":{"rendered":"https:\/\/radiola25.com.ar\/?p=795"},"modified":"2025-03-13T19:29:46","modified_gmt":"2025-03-13T22:29:46","slug":"es-imprudente-jamenei-condena-la-amenaza-de-trump-sobre-una-posible-accion-militar-contra-iran","status":"publish","type":"post","link":"https:\/\/radiola25.com.ar\/index.php\/2025\/03\/13\/es-imprudente-jamenei-condena-la-amenaza-de-trump-sobre-una-posible-accion-militar-contra-iran\/","title":{"rendered":"&#8220;Es imprudente&#8221;: Jamenei condena la amenaza de Trump sobre una posible acci\u00f3n militar contra Ir\u00e1n"},"content":{"rendered":"\n<p><strong>El l\u00edder supremo de Ir\u00e1n calific\u00f3 este mi\u00e9rcoles 12 de marzo de &#8220;temerarias&#8221; las amenazas estadounidenses y dijo que las conversaciones con Washington no &#8220;levantar\u00e1n las sanciones&#8221; contra su pa\u00eds. &#8220;Negociamos durante varios a\u00f1os, y Trump tir\u00f3 a la basura el acuerdo finalizado, completado y firmado, y lo rompi\u00f3&#8221;, record\u00f3.<\/strong><\/p>\n\n\n\n<figure class=\"wp-block-image size-large\"><img loading=\"lazy\" decoding=\"async\" width=\"683\" height=\"1024\" src=\"https:\/\/radiola25.com.ar\/wp-content\/uploads\/2025\/03\/image-4-683x1024.png\" alt=\"\" class=\"wp-image-796\" srcset=\"https:\/\/radiola25.com.ar\/wp-content\/uploads\/2025\/03\/image-4-683x1024.png 683w, https:\/\/radiola25.com.ar\/wp-content\/uploads\/2025\/03\/image-4-200x300.png 200w, https:\/\/radiola25.com.ar\/wp-content\/uploads\/2025\/03\/image-4-768x1152.png 768w, https:\/\/radiola25.com.ar\/wp-content\/uploads\/2025\/03\/image-4-1024x1536.png 1024w, https:\/\/radiola25.com.ar\/wp-content\/uploads\/2025\/03\/image-4.png 1365w\" sizes=\"auto, (max-width: 683px) 100vw, 683px\" \/><\/figure>\n\n\n<h3>\u00a0<\/h3>\n\n\n<p>Despu\u00e9s de que&nbsp;<a href=\"https:\/\/www.france24.com\/es\/tag\/donald-trump\/\">Donald Trump<\/a>&nbsp;enviara una carta a&nbsp;<a href=\"https:\/\/www.france24.com\/es\/tag\/ir%C3%A1n\/\">Teher\u00e1n<\/a>&nbsp;pidiendo negociaciones nucleares y advirtiendo de una posible acci\u00f3n militar si Ir\u00e1n se negaba, el l\u00edder supremo de Ir\u00e1n, el&nbsp;<a href=\"https:\/\/www.france24.com\/es\/tag\/al%C3%AD-jamenei\/\">ayatol\u00e1 Al\u00ed Jamenei<\/a>, calific\u00f3 el mi\u00e9rcoles 12 de marzo las amenazas estadounidenses de &#8220;imprudentes&#8221;.<\/p>\n\n\n\n<p>&#8220;<strong>Estados Unidos esgrime una amenaza militar<\/strong>. En mi opini\u00f3n, esta amenaza es imprudente&#8221;, declar\u00f3 el ayatol\u00e1 Jamenei durante un encuentro con estudiantes.<\/p>\n\n\n\n<blockquote class=\"wp-block-quote is-layout-flow wp-block-quote-is-layout-flow\">\n<p>&#8220;Ir\u00e1n es capaz de tomar represalias y sin duda infligir\u00e1 un golpe a cambio&#8221;, advirti\u00f3.<\/p>\n<\/blockquote>\n\n\n\n<p>Las declaraciones se produjeron mientras los medios de comunicaci\u00f3n locales confirmaban que el ministro de Asuntos Exteriores iran\u00ed,&nbsp;<strong>Abbas Araghchi<\/strong>, hab\u00eda recibido la carta del presidente estadounidense, entregada por el principal diplom\u00e1tico de&nbsp;<a href=\"https:\/\/www.france24.com\/es\/tag\/emiratos-arabes-unidos\/\">Emiratos \u00c1rabes Unidos<\/a>, Anwar Gargash.<\/p>\n\n\n\n<p>Al\u00ed Jamenei afirm\u00f3 que la invitaci\u00f3n estadounidense a las conversaciones a trav\u00e9s de la carta pretend\u00eda &#8220;enga\u00f1ar a la opini\u00f3n p\u00fablica mundial&#8221; al pretender mostrar que&nbsp;<a href=\"https:\/\/www.france24.com\/es\/tag\/estados-unidos\/\">Estados Unidos<\/a>&nbsp;&#8220;quer\u00eda negociar, pero que Ir\u00e1n no estaba dispuesto a hacerlo&#8221;.&nbsp;<\/p>\n\n\n\n<p>&#8220;Negociamos durante varios a\u00f1os, y esta misma persona tir\u00f3 a la basura el acuerdo finalizado, completado, firmado y lo rompi\u00f3&#8221;, a\u00f1adi\u00f3, en referencia a la&nbsp;<strong>retirada de Washington del acuerdo nuclear de 2015<\/strong>&nbsp;durante el primer mandato de Donald Trump, que termin\u00f3 en 2021.<\/p>\n\n\n\n<h2 class=\"wp-block-heading\"><strong>&#8220;M\u00e1xima presi\u00f3n&#8221; sobre Teher\u00e1n<\/strong><\/h2>\n\n\n\n<p>Desde su regreso a la Casa Blanca en enero, Donald Trump ha pedido un nuevo&nbsp;<a href=\"https:\/\/www.france24.com\/es\/medio-oriente\/20250307-trump-toca-la-puerta-de-ir%C3%A1n-y-tantea-el-acuerdo-nuclear-en-un-nuevo-giro-de-su-pol%C3%ADtica-exterior\">acuerdo nuclear con Teher\u00e1n<\/a>, al tiempo que ha reinstaurado su pol\u00edtica de &#8220;m\u00e1xima presi\u00f3n&#8221; sobre Teher\u00e1n ante el temor de que Ir\u00e1n est\u00e9 tratando de desarrollar armas nucleares.&nbsp;<\/p>\n\n\n\n<p>Teher\u00e1n niega que quiera dotarse de armas nucleares.&nbsp;<\/p>\n\n\n\n<p>Ir\u00e1n ha descartado oficialmente cualquier conversaci\u00f3n directa con Estados Unidos mientras se mantengan las&nbsp;<a href=\"https:\/\/www.france24.com\/en\/middle-east\/20240910-france-germany-and-uk-slap-sanctions-on-iran-over-missiles-for-russia\">sanciones internacionales en su contra<\/a>. Al\u00ed Jamenei declar\u00f3 el mi\u00e9rcoles que las conversaciones con Estados Unidos &#8220;no levantar\u00e1n las sanciones&#8221;.<\/p>\n\n\n\n<p>En cuanto a las armas nucleares, Estados Unidos dice que no permitir\u00e1 que Ir\u00e1n las adquiera.<\/p>\n\n\n\n<blockquote class=\"wp-block-quote is-layout-flow wp-block-quote-is-layout-flow\">\n<p>&#8220;Si quisi\u00e9ramos construir armas nucleares, Estados Unidos no podr\u00eda imped\u00edrnoslo. El hecho de que no tengamos armas nucleares y no busquemos obtenerlas se debe a que &#8220;nosotros mismos no las queremos&#8221;, a\u00f1adi\u00f3 Al\u00ed Jamenei.<\/p>\n<\/blockquote>\n\n\n\n<p>&#8220;Ir\u00e1n no busca la guerra, pero si alguien toma medidas, nuestra respuesta ser\u00e1 decisiva y segura&#8221;, a\u00f1adi\u00f3 Al\u00ed Jamenei, l\u00edder supremo de Ir\u00e1n.<\/p>\n\n\n\n<p>Con AFP<\/p>\n","protected":false},"excerpt":{"rendered":"<p>El l\u00edder supremo de Ir\u00e1n calific\u00f3 este mi\u00e9rcoles 12 de marzo de &#8220;temerarias&#8221; las amenazas&#8230;<\/p>\n","protected":false},"author":4,"featured_media":0,"comment_status":"open","ping_status":"open","sticky":false,"template":"","format":"standard","meta":{"footnotes":""},"categories":[1],"tags":[],"class_list":["post-795","post","type-post","status-publish","format-standard","hentry","category-uncategorized"],"_links":{"self":[{"href":"https:\/\/radiola25.com.ar\/index.php\/wp-json\/wp\/v2\/posts\/795","targetHints":{"allow":["GET"]}}],"collection":[{"href":"https:\/\/radiola25.com.ar\/index.php\/wp-json\/wp\/v2\/posts"}],"about":[{"href":"https:\/\/radiola25.com.ar\/index.php\/wp-json\/wp\/v2\/types\/post"}],"author":[{"embeddable":true,"href":"https:\/\/radiola25.com.ar\/index.php\/wp-json\/wp\/v2\/users\/4"}],"replies":[{"embeddable":true,"href":"https:\/\/radiola25.com.ar\/index.php\/wp-json\/wp\/v2\/comments?post=795"}],"version-history":[{"count":1,"href":"https:\/\/radiola25.com.ar\/index.php\/wp-json\/wp\/v2\/posts\/795\/revisions"}],"predecessor-version":[{"id":797,"href":"https:\/\/radiola25.com.ar\/index.php\/wp-json\/wp\/v2\/posts\/795\/revisions\/797"}],"wp:attachment":[{"href":"https:\/\/radiola25.com.ar\/index.php\/wp-json\/wp\/v2\/media?parent=795"}],"wp:term":[{"taxonomy":"category","embeddable":true,"href":"https:\/\/radiola25.com.ar\/index.php\/wp-json\/wp\/v2\/categories?post=795"},{"taxonomy":"post_tag","embeddable":true,"href":"https:\/\/radiola25.com.ar\/index.php\/wp-json\/wp\/v2\/tags?post=795"}],"curies":[{"name":"wp","href":"https:\/\/api.w.org\/{rel}","templated":true}]}}