{"id":759,"date":"2025-02-18T14:01:13","date_gmt":"2025-02-18T17:01:13","guid":{"rendered":"https:\/\/radiola25.com.ar\/?p=759"},"modified":"2025-02-18T14:01:13","modified_gmt":"2025-02-18T17:01:13","slug":"la-interna-del-peronismo-es-tan-vieja-como-su-resistencia-a-la-opresion","status":"publish","type":"post","link":"https:\/\/radiola25.com.ar\/index.php\/2025\/02\/18\/la-interna-del-peronismo-es-tan-vieja-como-su-resistencia-a-la-opresion\/","title":{"rendered":"LA INTERNA DEL PERONISMO es tan vieja como su resistencia a la opresi\u00f3n"},"content":{"rendered":"\n<figure class=\"wp-block-image size-full\"><img loading=\"lazy\" decoding=\"async\" width=\"663\" height=\"756\" src=\"https:\/\/radiola25.com.ar\/wp-content\/uploads\/2025\/02\/image-6.png\" alt=\"\" class=\"wp-image-760\" srcset=\"https:\/\/radiola25.com.ar\/wp-content\/uploads\/2025\/02\/image-6.png 663w, https:\/\/radiola25.com.ar\/wp-content\/uploads\/2025\/02\/image-6-263x300.png 263w\" sizes=\"auto, (max-width: 663px) 100vw, 663px\" \/><\/figure>\n\n\n\n<p>Susana Valle a fines de los \u201960<\/p>\n\n\n\n<p>Para no hablar de las que hubo durante los primeros gobiernos peronistas.\/\/ Conoc\u00ed al&nbsp;<a href=\"https:\/\/robertobaschetti.com\/spina-hector-julio\/\">Petiso Spina<\/a>, \u2013uno de los que rob\u00f3 el sable corvo de San Mart\u00edn del museo de&nbsp; Plaza de Mayo\u2013 cuando regres\u00f3 tard\u00edamente de su exilio en Brasil a fines de los \u201980 o comienzos de los \u201990. Fue gracias a mi amistad con su sobrino Julio, en cuyo departamento se aloj\u00f3. Me pareci\u00f3 entonces que estaba muy fascitoide y dejamos de vernos. Sin embargo en este relato suyo de unos cuantos a\u00f1os despu\u00e9s, hablando de la&nbsp; primera resistencia peronista, vale decir de la segunda mitad de los \u201950 y comienzos de los \u201960, \u00e9l mismo se situ\u00f3 muy \u00aba la izquierda\u00bb de Dardo Cabo, quien a comienzos de los \u201970 se integr\u00f3 a la guerrilla de los Descamisados, comando que r\u00e1pidamente se integr\u00f3 a Montoneros. Cabo fue nada menos que el director del exitoso semanario de Montoneros,<em>&nbsp;El Descamisado<\/em>. (y despu\u00e9s, ya en la c\u00e1rcel y antes de que la sacaran de ella y lo asesinaran a comienzos de enero de 1977, el jefe de mi hermano Luis, tambi\u00e9n preso en la U-9). En fin: con relatos como este de Ronberto Bacardini (Roberto Bardini) no vamos a ganar votos, pero si, quiz\u00e1, galvanizar a los militantes m\u00e1s j\u00f3venes (que a esta altura de la soir\u00e9e son casi todos) que ojal\u00e1 entiendan por qu\u00e9 nos enamoramos de los viejos resistentes. Y que, a pesar de todo, los violentos de entonces resultamos muy pac\u00edficos teniendo en cuenta la enorme cantidad de latrocinios que los patriotas hemos padecido y seguimos padeciendo.<\/p>\n\n\n\n<p>La confusi\u00f3n entre&nbsp; \u00abderecha\u00bb e \u00abizquierda es una caracter\u00edstica de \u00e9poca y trascendi\u00f3 al peronismo: hubo quien pas\u00f3 de Tacuara al ERP, y de \u00e9ste a su ala izquierda, como&nbsp;<a href=\"https:\/\/diccionario.cedinci.org\/baxter-joe\/\">Joe Baxter<\/a>, y nacionalistas de derecha que fueron funcionarios de la dictadura como&nbsp;<a href=\"https:\/\/robertobaschetti.com\/muniz-barreto-diego\/\">Diego Muniz Barreto<\/a>&nbsp;y luego pasaron a militar en Montoneros y a considerarse parte de la izquierda, como pas\u00f3&nbsp; antes de que fuerta secuestrado y asesinado por la dictadura. Un ejemplo notorio en este sentido lo dieron Rodolfo Ortega Pe\u00f1a y Eduardo Luis Duhalde, historiadores nacionalistas y abogados de presos pol\u00edticos que cuando Ortega Pe\u00f1a fue electo diputado nacional y Duhalde se convirti\u00f3 en su mano derecha, ambos se situaron claramente a la izquierda de Montoneros.<\/p>\n\n\n\n<p>.<\/p>\n\n\n\n<p>Los invito a leer a Bacardini\/Bardini y despu\u00e9s, si les pic\u00f3 la curiosidad vean (o guarden los enlaces para verla cuando tengan tiempo, y mejor si es con compa\u00f1eres) la pel\u00edcula&nbsp;<em>Los Resistentes<\/em>, Ah\u00ed si, confi\u00f3, entender\u00e1n por qu\u00e9 nos enamoramos de ellos, los miembros del&nbsp;<a href=\"https:\/\/www.google.com\/search?client=firefox-b-d&amp;q=maquis\">maquis<\/a>&nbsp;aut\u00f3ctono.<\/p>\n\n\n\n<p>.<\/p>\n\n\n\n<h1 class=\"wp-block-heading\">Zurdos y ortodoxos<\/h1>\n\n\n\n<figure class=\"wp-block-image\"><img decoding=\"async\" src=\"https:\/\/pajarorojo.com.ar\/wp-content\/uploads\/2025\/02\/480101870_1332581031390191_1329481390069263972_n.jpg\" alt=\"\" class=\"wp-image-73396\"\/><\/figure>\n\n\n\n<p>.<\/p>\n\n\n\n<p>Es la cr\u00f3nica contradicci\u00f3n fogoneada en el peronismo. Se arrastra desde los a\u00f1os \u201960 hasta hoy.<\/p>\n\n\n\n<p>.<\/p>\n\n\n\n<p>\u00abEl Movimiento Nueva Argentina (MNA) y el Comando de Organizaci\u00f3n (CDO), de&nbsp;<a href=\"https:\/\/es.wikipedia.org\/wiki\/Alberto_Brito_Lima\">Alberto Brito Lima,<\/a>&nbsp;eran pr\u00e1cticamente lo mismo\u00bb, recuerda H\u00e9ctor Spina en 1999, en el bar Victoria, en la zona del Congreso. \u00abEn ocasiones se un\u00edan para enfrentar a otros grupos de la Juventud Peronista. En lugar de discutir pol\u00edtica, desenfundaban las pistolas\u00bb.<\/p>\n\n\n\n<p>.<\/p>\n\n\n\n<p>Conocido como El Petiso, Spina fue uno de los fundadores en 1957 del Comando General Valle de la Juventud Peronista, junto con&nbsp;<a href=\"https:\/\/robertobaschetti.com\/valle-susana-cristina\/\">Susana Valle<\/a>&nbsp;\u2013hija del general fusilado en junio de 1956\u2013,&nbsp;<a href=\"https:\/\/diccionario.cedinci.org\/rearte-gustavo\/\">Gustavo y Alberto Rearte<\/a>, Jorge Rulli y<a href=\"https:\/\/robertobaschetti.com\/ferrari-julio-guillermo\/\">&nbsp;Julio \u00abTuli\u00bb Ferrari.<\/a><\/p>\n\n\n\n<p>Tacuara, en cambio, a\u00fan no se defin\u00eda como peronista pero era un grupo solidario que algunas veces nos brindaba protecci\u00f3n armada y en varias ocasiones nos prest\u00f3 \u00abfierros\u00bb sin preguntarnos para qu\u00e9 los necesit\u00e1bamos\u00bb, agrega.<\/p>\n\n\n\n<p>.<\/p>\n\n\n\n<p>El veterano dirigente textil&nbsp;<a href=\"https:\/\/es.wikipedia.org\/wiki\/Andr%C3%A9s_Framini\">Andr\u00e9s Framini<\/a>&nbsp;tambi\u00e9n recuerda los choques entre distintos grupos de la JP de aquel tiempo, donde se encuentra un antecedente del enfrentamiento a muerte en los a\u00f1os \u201870, hoy convertido en confrontaci\u00f3n\u2026 en las redes.<\/p>\n\n\n\n<p>.<\/p>\n\n\n\n<p>Entrevistado en septiembre de 1999, Framini relata: \u00abEn 1964, Per\u00f3n nos pide en Madrid a Augusto Vandor, al ingeniero&nbsp;<a href=\"https:\/\/es.wikipedia.org\/wiki\/Alberto_Iturbe\">Alberto Iturbe<\/a>&nbsp;y a m\u00ed que reorganicemos la Juventud Peronista. Convoqu\u00e9 a todos los grupos en el Sindicato del Vestido con la idea de unificarlos. Estaban la agrupaci\u00f3n de Dardo Cabo y la de Brito Lima, los seguidores de Spina y Rulli, chicos del Movimiento de la Juventud Peronista, encabezado por Envar El Kadri, algunos tacuaras que se hab\u00edan peronizado y separado de Alberto Ezcurra\u00bb.<\/p>\n\n\n\n<p>.<\/p>\n\n\n\n<p>\u00abLos muchachos comenzaron a discutir, unos con posiciones de izquierda y otros con posiciones de derecha. A los diez minutos se acab\u00f3 la unidad. Dardo Cabo y un muchacho gordito que siempre estaba con \u00e9l, llamado Titi Castrofini, desenfundaron sus pistolas y apuntaron a un sector acus\u00e1ndolos de \u00abcomunistas\u00bb. Y se arm\u00f3 el desbande. As\u00ed eran las cosas en aquel tiempo\u00bb.<\/p>\n\n\n\n<p>.<\/p>\n\n\n\n<p>Spina tambi\u00e9n recuerda aquella reuni\u00f3n: \u00abSer\u00edamos unos quince o veinte muchachos de distintos grupos. Yo estaba sentado en un banco, junto a Norberto Mittulo, un militante del CdeO, que a principios de los \u201870 fue uno de los fundadores de la Juventud Sindical Peronista\u00bb.<\/p>\n\n\n\n<p>\u00abDardo Cabo y Brito Lima estaban juntos. Hubo discusiones y cruce de acusaciones. Ellos agitaban el fantasma del \u00abmarxismo\u00bb y del \u00abcomunismo\u00bb; los otros los acusaban de \u00abfascistas\u00bb. Iturbe estaba aterrado. De pronto alguien dijo: \u00ab\u00bfPero acaso Per\u00f3n no habla del gran Mao?\u00bb. Entonces se pudri\u00f3 todo. Dardo Cabo se par\u00f3 arriba del banco con una Luger en la mano, Brito Lima y Mittulo desenfundaron rev\u00f3lveres calibre 38, y se arm\u00f3 un despelote general\u201d.<\/p>\n\n\n\n<p>A pesar de todo, Per\u00f3n ha dado la orden de unificar a la JP y se hace un segundo encuentro en el Sindicato de Gastron\u00f3micos, territorio del CdeO.<\/p>\n\n\n\n<p>Como Per\u00f3n ha dado la orden de unificar los diversos grupos de la Juventud Peronista, se hace un segundo encuentro en el Sindicato de Gastron\u00f3micos, territorio del Comando de Organizaci\u00f3n.<\/p>\n\n\n\n<p>\u00abLa mano ya ven\u00eda pesada\u00bb, relata Spina. \u00abEl ingeniero Alberto Iturbe se hab\u00eda borrado, espantado por lo que hab\u00eda visto en la primera reuni\u00f3n. Andr\u00e9s Framini, con una paciencia oriental, intentaba acercar posiciones\u00bb.<\/p>\n\n\n\n<p>\u00abEstaban compa\u00f1eros del Movimiento Revolucionario Peronista, de Gustavo Rearte; el Movimiento de la Juventud Peronista y la Juventud Universitaria Peronista original, a quienes se acusaba de \u00abizquierdistas\u00bb. Del otro lado estaba la \u00abextrema derecha\u00bb, representada por el MNA y el CdeO. Nosotros, que no est\u00e1bamos con ninguno de los dos bandos, intent\u00e1bamos superar las discrepancias y lograr alg\u00fan tipo de unidad\u00bb.<\/p>\n\n\n\n<p>\u00abUno del MNA o del CdeO ten\u00eda un silbato. En un momento dado un compa\u00f1ero me avisa: \u00abSub\u00ed a la terraza porque se va a armar la podrida\u00bb. Subo y veo a unos veinte compa\u00f1eros del MNA, entre los cuales estaba Castrofini con una ametralladora PAM y todos los dem\u00e1s con rev\u00f3lveres y cachiporras\u00bb.<\/p>\n\n\n\n<p>\u00abRecord\u00e9 que abajo, en el anfiteatro, hab\u00eda uno de ellos con un silbato. Deduje que si se armaba l\u00edo y sonaba el pito, estos iban a bajar y se iba a armar un gran despelote. Convers\u00e9 con ellos, pero no quer\u00edan atender razones. Abajo, mientras tanto, hab\u00eda discusiones y agresiones verbales, y tampoco se lleg\u00f3 a nada en esa reuni\u00f3n\u00bb.<\/p>\n\n\n\n<p>A pesar de todo, se convoca a un \u00faltimo encuentro en el Sindicato del Calzado.<\/p>\n\n\n\n<p>\u00abEra un sal\u00f3n largo y todos est\u00e1bamos sentados frente a frente, de espaldas a la paredes\u00bb, relata Spina. \u00abSer\u00edamos alrededor de cuarenta. Uno se levant\u00f3 y se le cay\u00f3 la pistola 45 de la cintura. Tambi\u00e9n estaba Vandor, que quer\u00eda contemporizar con todos pero no pod\u00eda. Al final del sal\u00f3n hab\u00eda una escalera que conduc\u00eda a la planta baja y estaba llena de compa\u00f1eros que no participaban de la reuni\u00f3n. Entre ellos, estaba uno del MNA con otra 45 en la cintura, y me dijo: \u00abVamos a matar a todos los zurdos\u00bb. En esta reuni\u00f3n tampoco se lleg\u00f3 a nada\u00bb.<\/p>\n\n\n\n<p>.<\/p>\n\n\n\n<figure class=\"wp-block-image\"><img decoding=\"async\" src=\"https:\/\/pajarorojo.com.ar\/wp-content\/uploads\/2025\/02\/Ossorio.jpg\" alt=\"\" class=\"wp-image-73399\"\/><\/figure>\n\n\n\n<p>.<\/p>\n\n\n\n<p>El soci\u00f3logo Alfredo Ossorio (foto), en aquel tiempo uno de los dirigentes del Movimiento Nacionalista Revolucionario Tacuara (MNRT), que hab\u00eda optado por el peronismo combativo, tambi\u00e9n recuerda los \u00e1nimos caldeados de aquella \u00faltima reuni\u00f3n: Brito Lima le puso una pistola en el pecho, acus\u00e1ndolo simult\u00e1neamente de \u00abnazi\u00bb y \u00abcomunista\u00bb.<\/p>\n\n\n\n<p>La reunificaci\u00f3n nunca se concret\u00f3. Transcurrieron m\u00e1s de sesenta a\u00f1os desde que Per\u00f3n les solicit\u00f3 a Framini, Iturbe y Vandor que unificaran las diversas agrupaciones de la JP. Pero como dice un viejo refr\u00e1n espa\u00f1ol, \u00abde aquellos barros vienen estos lodos\u00bb.<\/p>\n\n\n\n<p>.<\/p>\n\n\n\n<p>N. del E: la mayor unificaci\u00f3n de la JP se logr\u00f3 en 1972 con la hegemon\u00eda de la organizaci\u00f3n Montoneros a trav\u00e9s de Rodolfo Galimberti, nombrado por Per\u00f3n representante m\u00e1ximo de la misma, al parecer sin saber que Galimberti hab\u00eda ingresado a la entonces \u00aborganizaci\u00f3n pol\u00edtico-militar\u00bb.&nbsp; Galimberti fue el primer ex montonero en girar violentamente a la derecha neoliberal pero o fue el \u00fanico. Su ex cu\u00f1ada Patricia Bullrich rompi\u00f3 todos los l\u00edmites.<\/p>\n\n\n\n<p>..<\/p>\n","protected":false},"excerpt":{"rendered":"<p>Susana Valle a fines de los \u201960 Para no hablar de las que hubo durante&#8230;<\/p>\n","protected":false},"author":4,"featured_media":0,"comment_status":"open","ping_status":"open","sticky":false,"template":"","format":"standard","meta":{"footnotes":""},"categories":[1],"tags":[],"class_list":["post-759","post","type-post","status-publish","format-standard","hentry","category-uncategorized"],"_links":{"self":[{"href":"https:\/\/radiola25.com.ar\/index.php\/wp-json\/wp\/v2\/posts\/759","targetHints":{"allow":["GET"]}}],"collection":[{"href":"https:\/\/radiola25.com.ar\/index.php\/wp-json\/wp\/v2\/posts"}],"about":[{"href":"https:\/\/radiola25.com.ar\/index.php\/wp-json\/wp\/v2\/types\/post"}],"author":[{"embeddable":true,"href":"https:\/\/radiola25.com.ar\/index.php\/wp-json\/wp\/v2\/users\/4"}],"replies":[{"embeddable":true,"href":"https:\/\/radiola25.com.ar\/index.php\/wp-json\/wp\/v2\/comments?post=759"}],"version-history":[{"count":1,"href":"https:\/\/radiola25.com.ar\/index.php\/wp-json\/wp\/v2\/posts\/759\/revisions"}],"predecessor-version":[{"id":761,"href":"https:\/\/radiola25.com.ar\/index.php\/wp-json\/wp\/v2\/posts\/759\/revisions\/761"}],"wp:attachment":[{"href":"https:\/\/radiola25.com.ar\/index.php\/wp-json\/wp\/v2\/media?parent=759"}],"wp:term":[{"taxonomy":"category","embeddable":true,"href":"https:\/\/radiola25.com.ar\/index.php\/wp-json\/wp\/v2\/categories?post=759"},{"taxonomy":"post_tag","embeddable":true,"href":"https:\/\/radiola25.com.ar\/index.php\/wp-json\/wp\/v2\/tags?post=759"}],"curies":[{"name":"wp","href":"https:\/\/api.w.org\/{rel}","templated":true}]}}