{"id":756,"date":"2025-02-17T15:38:07","date_gmt":"2025-02-17T18:38:07","guid":{"rendered":"https:\/\/radiola25.com.ar\/?p=756"},"modified":"2025-02-17T15:38:07","modified_gmt":"2025-02-17T18:38:07","slug":"la-estafa-de-milei","status":"publish","type":"post","link":"https:\/\/radiola25.com.ar\/index.php\/2025\/02\/17\/la-estafa-de-milei\/","title":{"rendered":"LA ESTAFA DE MILEI"},"content":{"rendered":"\n<h2 class=\"wp-block-heading\">Frente Productivo Nacional: &#8220;Las PYMES sabemos de trabajar, de criptos y estafas sabe el presidente&#8221;<\/h2>\n\n\n\n<figure class=\"wp-block-image size-full\"><img loading=\"lazy\" decoding=\"async\" width=\"720\" height=\"480\" src=\"https:\/\/radiola25.com.ar\/wp-content\/uploads\/2025\/02\/image-5.png\" alt=\"\" class=\"wp-image-757\" srcset=\"https:\/\/radiola25.com.ar\/wp-content\/uploads\/2025\/02\/image-5.png 720w, https:\/\/radiola25.com.ar\/wp-content\/uploads\/2025\/02\/image-5-300x200.png 300w\" sizes=\"auto, (max-width: 720px) 100vw, 720px\" \/><\/figure>\n\n\n\n<p><em>Comunicado completo del Frente Productivo Nacional:&nbsp;<\/em><\/p>\n\n\n\n<p>\u201cLa Argentina Liberal crece\u201d; \u201cEste proyecto privado se dedicar\u00e1 a incentivar el crecimiento de la econom\u00eda argentina, fondeando peque\u00f1as empresas y emprendimientos argentinos\u201d; \u201cEl mundo quiere invertir en Argentina\u201d, afirm\u00f3 el Presidente en un posteo en la red social X promoviendo lo que fue, a todas luces, una estafa de alcance global.<\/p>\n\n\n\n<p>En principio, por si \u00e9l no lo not\u00f3, la Argentina liberal o, mejor dicho, la Argentina, desde que asumi\u00f3 este presidente NO CRECE.<\/p>\n\n\n\n<p>Los proyectos privados NO SON los que deben incentivar el crecimiento de la econom\u00eda. Porque, para que el pa\u00eds crezca y su econom\u00eda funcione para el conjunto de la poblaci\u00f3n, hay que tomar la decisi\u00f3n pol\u00edtica correspondiente y a favor del pueblo.<\/p>\n\n\n\n<p>Y eso debe hacerlo el gobierno de turno.<\/p>\n\n\n\n<p>Lamentablemente, el gobierno actual es un rejunte de personas que no solo han demostrado impericia para eso sino tambi\u00e9n que le importa tres carajos (para hacer uso de alguna de sus palabras de cabecera) que el conjunto del pueblo viva tan mal.<\/p>\n\n\n\n<p>A las \u201cpeque\u00f1as empresas y emprendimientos argentinos\u201d no los debe \u201cfondear\u201d ning\u00fan privado que timbee en este modelo fomentado por el gobierno porque, tal y como qued\u00f3 demostrado, el garito y la f\u00e1brica no son compatibles.<\/p>\n\n\n\n<p>Los y las pymes y emprendedores sabemos de laburo y de producci\u00f3n; de timba y estafas sabr\u00e1n el Presidente y sus funcionarios.<\/p>\n\n\n\n<p>Y, por si alg\u00fan inversor (\u00bftambi\u00e9n elector?) todav\u00eda distra\u00eddo no se dio cuenta, \u00a1LOS ESTAFARON!<\/p>\n\n\n\n<p>El mundo del capital productivo, el de las inversiones que generan riqueza en serio, NO QUIERE venir a la Argentina porque este gobierno destruye d\u00eda a d\u00eda la Industria Nacional.<\/p>\n\n\n\n<p>Desquicios como el de estas horas confirman que estamos en manos de, al menos, un conjunto de irresponsables que nos est\u00e1n llevando a un desastre econ\u00f3mico, productivo, pol\u00edtico y social. Saben lo que hacen, eligen los caminos para hacerlo y lo hacen con eficacia.<\/p>\n\n\n\n<p>Como industriales, como productores, como cooperativistas, como comerciantes, como emprendedores, como trabajadores, como ciudadanos y como pueblo argentino, desde el Movimiento Productivo 25 de Mayo rechazamos que, con la falsa excusa de la promoci\u00f3n de pymes y emprendimientos se haya facilitado deliberadamente, desde la m\u00e1xima autoridad pol\u00edtica, semejante latrocinio de consecuencias todav\u00eda no totalmente mensuradas.<\/p>\n\n\n\n<p>Las responsabilidades pol\u00edticas y, en su caso, penales de las y los involucrados en estas cuestiones deben ser prontamente establecidas y conocidas por la ciudadan\u00eda.<\/p>\n\n\n\n<p>Por lo tanto, acompa\u00f1amos a las y los legisladores del Congreso de la Naci\u00f3n que se han pronunciado por la promoci\u00f3n del juicio pol\u00edtico en contra del Presidente de la Naci\u00f3n y las y los exhortamos a que se llegue a su r\u00e1pida conclusi\u00f3n.<\/p>\n","protected":false},"excerpt":{"rendered":"<p>Frente Productivo Nacional: &#8220;Las PYMES sabemos de trabajar, de criptos y estafas sabe el presidente&#8221;&#8230;<\/p>\n","protected":false},"author":4,"featured_media":0,"comment_status":"open","ping_status":"open","sticky":false,"template":"","format":"standard","meta":{"footnotes":""},"categories":[1],"tags":[],"class_list":["post-756","post","type-post","status-publish","format-standard","hentry","category-uncategorized"],"_links":{"self":[{"href":"https:\/\/radiola25.com.ar\/index.php\/wp-json\/wp\/v2\/posts\/756","targetHints":{"allow":["GET"]}}],"collection":[{"href":"https:\/\/radiola25.com.ar\/index.php\/wp-json\/wp\/v2\/posts"}],"about":[{"href":"https:\/\/radiola25.com.ar\/index.php\/wp-json\/wp\/v2\/types\/post"}],"author":[{"embeddable":true,"href":"https:\/\/radiola25.com.ar\/index.php\/wp-json\/wp\/v2\/users\/4"}],"replies":[{"embeddable":true,"href":"https:\/\/radiola25.com.ar\/index.php\/wp-json\/wp\/v2\/comments?post=756"}],"version-history":[{"count":1,"href":"https:\/\/radiola25.com.ar\/index.php\/wp-json\/wp\/v2\/posts\/756\/revisions"}],"predecessor-version":[{"id":758,"href":"https:\/\/radiola25.com.ar\/index.php\/wp-json\/wp\/v2\/posts\/756\/revisions\/758"}],"wp:attachment":[{"href":"https:\/\/radiola25.com.ar\/index.php\/wp-json\/wp\/v2\/media?parent=756"}],"wp:term":[{"taxonomy":"category","embeddable":true,"href":"https:\/\/radiola25.com.ar\/index.php\/wp-json\/wp\/v2\/categories?post=756"},{"taxonomy":"post_tag","embeddable":true,"href":"https:\/\/radiola25.com.ar\/index.php\/wp-json\/wp\/v2\/tags?post=756"}],"curies":[{"name":"wp","href":"https:\/\/api.w.org\/{rel}","templated":true}]}}