{"id":744,"date":"2025-02-16T20:38:30","date_gmt":"2025-02-16T23:38:30","guid":{"rendered":"https:\/\/radiola25.com.ar\/?p=744"},"modified":"2025-02-16T20:51:55","modified_gmt":"2025-02-16T23:51:55","slug":"la-jueza-argentina-servini-ordena-la-captura-de-aung-san-suu-kyi-por-el-maltrato-a-los-rohinyas","status":"publish","type":"post","link":"https:\/\/radiola25.com.ar\/index.php\/2025\/02\/16\/la-jueza-argentina-servini-ordena-la-captura-de-aung-san-suu-kyi-por-el-maltrato-a-los-rohinyas\/","title":{"rendered":"La jueza argentina Servini ordena la captura de Aung San Suu Kyi por el maltrato a los rohiny\u00e1s"},"content":{"rendered":"\n<h2 class=\"wp-block-heading\">Jurisdicci\u00f3n universal<\/h2>\n\n\n\n<figure class=\"wp-block-image size-large\"><img loading=\"lazy\" decoding=\"async\" width=\"1024\" height=\"683\" src=\"https:\/\/radiola25.com.ar\/wp-content\/uploads\/2025\/02\/image-4-1024x683.png\" alt=\"\" class=\"wp-image-745\" srcset=\"https:\/\/radiola25.com.ar\/wp-content\/uploads\/2025\/02\/image-4-1024x683.png 1024w, https:\/\/radiola25.com.ar\/wp-content\/uploads\/2025\/02\/image-4-300x200.png 300w, https:\/\/radiola25.com.ar\/wp-content\/uploads\/2025\/02\/image-4-768x512.png 768w, https:\/\/radiola25.com.ar\/wp-content\/uploads\/2025\/02\/image-4-1536x1024.png 1536w, https:\/\/radiola25.com.ar\/wp-content\/uploads\/2025\/02\/image-4-2048x1365.png 2048w\" sizes=\"auto, (max-width: 1024px) 100vw, 1024px\" \/><\/figure>\n\n\n\n<p><a href=\"https:\/\/www.lavanguardia.com\/autores\/jordi-joan.html\"><br>Jordi Joan Ba\u00f1os<\/a><\/p>\n\n\n\n<p>Bangkok. Corresponsal<\/p>\n\n\n\n<p>15\/02\/2025 21:00&nbsp;Actualizado a 15\/02\/2025 23:45<\/p>\n\n\n\n<p><a href=\"https:\/\/www.facebook.com\/sharer\/sharer.php?u=https:\/\/www.lavanguardia.com\/internacional\/20250215\/10389015\/jueza-argentina-servini-ordena-captura-aung-san-suu-kyi-maltrato-rohinyas.html\" rel=\"noreferrer noopener\" target=\"_blank\"><\/a><a href=\"https:\/\/bsky.app\/intent\/compose?text=La%20jueza%20argentina%20Servini%20ordena%20la%20captura%20de%20Aung%20San%20Suu%20Kyi%20por%20el%20maltrato%20a%20los%20rohiny%C3%A1s%20https:\/\/www.lavanguardia.com\/internacional\/20250215\/10389015\/jueza-argentina-servini-ordena-captura-aung-san-suu-kyi-maltrato-rohinyas.html\" rel=\"noreferrer noopener\" target=\"_blank\"><\/a><a href=\"\/\/www.lavanguardia.com\/internacional\/20250215\/10389015\/jueza-argentina-servini-ordena-captura-aung-san-suu-kyi-maltrato-rohinyas.html?utm_term=botones_sociales&amp;utm_source=whatsapp&amp;utm_medium=social\" rel=\"noreferrer noopener\" target=\"_blank\"><\/a><\/p>\n\n\n\n<p><a>5<\/a><\/p>\n\n\n\n<p>Lo que menos debe preocupar a la Premio Nobel de la Paz, Aung San Suu Kyi, recluida en un lugar no revelado de Birmania, es el auto de una jueza argentina. Sin embargo, la orden de busca y captura dictada por Mar\u00eda Servini, contra ella y veinti\u00fan oficiales birmanos, por su persecuci\u00f3n de los rohiny\u00e1s, no es un brindis al sol. Muestra las contradicciones de la jurisdicci\u00f3n internacional, pero tambi\u00e9n su osad\u00eda, celebrada ya como un triunfo moral por los abanderados de estos parias.&nbsp;<\/p>\n\n\n\n<p>Servini ha dado curso a la denuncia presentada hace m\u00e1s de cinco a\u00f1os en Buenos Aires por una organizaci\u00f3n brit\u00e1nica de apoyo a los rohiny\u00e1s. Es decir, la poblaci\u00f3n de lengua y etnia bengal\u00ed residente desde hace generaciones en Birmania, que les niega la ciudadan\u00eda.<\/p>\n\n\n\n<p>La orden de detenci\u00f3n internacional contra el jefe de la junta militar birmana, general Min Aung Hlain y la entonces jefa de gobierno, Aung San Suu Kyi, entre otros, se justifica seg\u00fan el auto por \u201clos cr\u00edmenes de lesa humanidad\u201d y los indicios de \u201cgenocidio\u201d en la persecuci\u00f3n y deportaci\u00f3n indiscriminada de rohiny\u00e1s a Bangladesh, en 2017.&nbsp;<\/p>\n\n\n\n<p>La denuncia parti\u00f3 de la&nbsp;Organizaci\u00f3n de Birmanos Rohiny\u00e1 en Reino Unido (BROUK), que en 2019 contrat\u00f3 a un famoso abogado argentino.&nbsp;\u201cBrinda un rayo de esperanza para los rohiny\u00e1 que han visto como sus familias y su cultura eran destruidas con impunidad\u201c, ha dicho el presidente de BROUK, Tun Khin (cuyo nombre real es Ziaul Gaffar). \u201dEs valiente y manda la se\u00f1al de que nadie est\u00e1 por encima de la ley&#8221;.&nbsp;<\/p>\n\n\n\n<p>Aung San Suu Kyii, gran dama de la pol\u00edtica birmana -el rostro de su padre, Aung San, ocupa los billetes de curso legal desde hace d\u00e9cadas- es un s\u00edmbolo de la lucha por la democratizaci\u00f3n de Birmania, pa\u00eds en guerra civil desde hace m\u00e1s de sesenta a\u00f1os. Esta parec\u00eda tocar a su fin en 2011, con la apertura del r\u00e9gimen y, en 2016, con su acceso a la jefatura de gobierno a trav\u00e9s de las urnas. Sin embargo, el partido af\u00edn a los militares impugn\u00f3 las elecciones de finales de 2021 y a principios de 2022 estos dieron un golpe de estado, que reaviv\u00f3 una guerra civil con tonos \u00e9tnicos e intrigas internacionales.&nbsp;<\/p>\n\n\n\n<figure class=\"wp-block-image\"><img decoding=\"async\" src=\"https:\/\/www.lavanguardia.com\/files\/content_image_mobile_filter\/uploads\/2018\/10\/25\/5fa4477896a6f.jpeg\" alt=\"Horizontal\"\/><figcaption class=\"wp-element-caption\">La jueza argentina Mar\u00eda Servini, hoy con 88 a\u00f1os, en una imagen de archivo&nbsp;Otras Fuentes<\/figcaption><\/figure>\n\n\n\n<p>La ONG que present\u00f3 la demanda en noviembre de 2019 en los juzgados federales de Buenos Aires, a\u00f1adi\u00f3 que adem\u00e1s de los dos notables ya citados, el tribunal emiti\u00f3 el mi\u00e9rcoles ordenes de arresto contra otros 21 militares y dos civiles, incluido el expresidente Htin Kyaw.&nbsp;<\/p>\n\n\n\n<p>El caso, independiente de los que se estudian en el Tribunal Penal Internacional y el Tribunal Internacional de Justicia de La Haya , se present\u00f3 en Argentina en virtud del principio de jurisdicci\u00f3n universal para el genocidio y otros cr\u00edmenes de lesa humanidad. Adem\u00e1s de estos cargos, los procesados deber\u00edan lidiar con acusaciones de asesinato agravado, violaci\u00f3n y tortura, a gran escala.&nbsp;<\/p>\n\n\n\n<p>La ONG, que al principio buscaba la cabeza de Aung San Suu Kyi, pidi\u00f3 en diciembre de 2023 que las \u00f3rdenes de arresto se ci\u00f1ieran a los militares, mientras que la fiscal\u00eda actu\u00f3 de oficio en junio de 2024 para incluir los nombres de Suu Kyi y del expresidente, que la jueza Servini ha insistido en mantener.&nbsp;<\/p>\n\n\n\n<p>Esta dispuso en 2021 de la declaraci\u00f3n por videoconferencia de seis mujeres rohiny\u00e1s que, desde el gigantesco campo de refugiados del sur de Bangladesh, contaron -con la traducci\u00f3n de la citada ONG- c\u00f3mo fueron violadas por soldados en el lado birmano, mientras varones de sus familias eran asesinados. En 2023, un n\u00famero indeterminado de testigos -cuya identidad no ha sido revelada- acudi\u00f3 a declarar a Buenos Aires.&nbsp;<\/p>\n\n\n\n<p>La brutal represalia que el Ej\u00e9rcito birmano lanz\u00f3 en agosto de 2017 contra la poblaci\u00f3n rohiny\u00e1 en el estado de Arrac\u00e1n (en la costa norte de Birmania) desencaden\u00f3 un \u00e9xodo de 600.000 refugiados y desplazados al vecino Bangladesh, donde ya viv\u00edan hacinados en campos miles de rohiny\u00e1s, expulsados en dos grandes oleadas, en los a\u00f1os setenta y noventa.&nbsp;<\/p>\n\n\n\n<figure class=\"wp-block-image\"><img decoding=\"async\" src=\"https:\/\/www.lavanguardia.com\/files\/content_image_mobile_filter\/uploads\/2022\/08\/25\/6307e15c39f63.jpeg\" alt=\"Rohingya refugees hold placards as they gather at the Kutupalong Refugee Camp to mark the fifth anniversary of their fleeing from neighbouring Myanmar to escape a military crackdown in 2017, in Cox's Bazar, Bangladesh, August 25, 2022. REUTERS\/Rafiqur Rahman\"\/><figcaption class=\"wp-element-caption\">Refugiados rohiny\u00e1s en el campo de Kutupalong, Cox&#8217;s Bazar, Bangladesh, en el quinto aniversario de su expulsi\u00f3n de las zonas lim\u00edtrofes de Birmania&nbsp;RAFIQUR RAHMAN \/ Reuters<\/figcaption><\/figure>\n\n\n\n<p>La ONU estima que durante dicha campa\u00f1a, que en un informe catalog\u00f3 \u201dde limpieza \u00e9tnica con marcas de genocidio\u201c, fueron asesinadas al menos 10.000 personas, mientras que cientos de poblaciones quedaron arrasadas por incendios intencionados.<\/p>\n\n\n\n<p>En noviembre del a\u00f1o pasado, la fiscal\u00eda del Tribunal Penal Internacional solicit\u00f3 una orden de arresto para Min Aung Hlaing por la persecuci\u00f3n y deportaci\u00f3n de los rohiny\u00e1s, entre otros delitos de lesa humanidad cometidos a partir del 25 de agosto de 2017 por las fuerzas armadas.&nbsp;<\/p>\n\n\n\n<p>Estas hab\u00edan respondido de forma indiscriminada al asalto lanzado aquel mismo mes por un millar de yihadistas del Ej\u00e9rcito de Salvaci\u00f3n Rohiny\u00e1 contra 24 comisar\u00edas de polic\u00eda y un cuartel militar, con el resultado de docenas de muertos. En su retirada a Bangladesh, los terroristas degollaron tambi\u00e9n a 99 civiles de su misma etnia, pero de religi\u00f3n hind\u00fa.&nbsp;<\/p>\n\n\n\n<p>En la \u00e9poca investigada, Suu Kyi ejerc\u00eda de Consejera de Estado -en la pr\u00e1ctica, jefa de gobierno- mientras que Min Aung Hlaing era el comandante en jefe del Ej\u00e9rcito. Suu Kyi defendi\u00f3 su actuaci\u00f3n en todos los foros internacionales, para perplejidad de muchos de los que la hab\u00edan defendido durante sus a\u00f1os de arresto domiciliario.<\/p>\n\n\n\n<p>Luego el citado Min Aung Hlaing encabez\u00f3 el golpe de estado del 1 de febrero de 2021 que liquid\u00f3 diez a\u00f1os de transici\u00f3n democr\u00e1tica y devolvi\u00f3 a Aung San Suu Kyi a la reclusi\u00f3n. Exacerbando de paso la guerra civil intermitente. Desde entonces, el gobierno central y sus fuerzas armadas no han dejado de perder terreno, sobre todo en beneficio de las narcoguerrillas \u00e9tnicas, aunque tambi\u00e9n han proliferado grupos peor armados y menos amenazantes de la oposici\u00f3n democr\u00e1tica.&nbsp;<\/p>\n\n\n\n<figure class=\"wp-block-image\"><img decoding=\"async\" src=\"https:\/\/www.lavanguardia.com\/files\/content_image_mobile_filter\/uploads\/2019\/11\/14\/5fa53ab71fa4e.png\" alt=\"Vertical\"\/><figcaption class=\"wp-element-caption\">El abogado argentino de derechos hurmanos, Tom\u00e1s Ojea Quintana, y el activista Ziaul Gaffar, de la organizaci\u00f3n brit\u00e1nica de defensa de los rohiny\u00e1s, el d\u00eda que registraron la demanda en Buenos Aires.&nbsp;&nbsp;Terceros<\/figcaption><\/figure>\n\n\n\n<p>Una de ellas, inicialmente tutelada por el Ej\u00e9rcito de Liberaci\u00f3n de Kach\u00edn, es el Ej\u00e9rcito de Arak\u00e1n. Aunque la capital, Sittwe, est\u00e1 fuera de su control, tiene en sus manos el 80% de Arak\u00e1n, incluidas las zonas de predominio rohiny\u00e1, donde han cometido varios desmanes -incendios de poblados incluidos- hasta el punto de reactivar su \u00e9xodo, mientras muchos otros j\u00f3venes de esta etnia cumplen el servicio militar con el Tatmadaw, el denostado ej\u00e9rcito de Birmania.&nbsp;<\/p>\n\n\n\n<p>El abogado contratado por la organizaci\u00f3n rohiny\u00e1, Tomas Ojea Quintana -que ya conoc\u00eda Birmania y tambi\u00e9n ha trabajado sobre los abusos en Corea del Norte- asumi\u00f3 el caso desde el principio, en 2019. Un a\u00f1o antes, hab\u00eda ganado un juicio sonado en Buenos Aires. El del secuestro y tortura de veinticuatro obreros y delegados sindicales de la f\u00e1brica de la Ford, en 1976. En \u00e9l se conden\u00f3 a a penas de c\u00e1rcel al gerente y al jefe de seguridad, mientras la multinacional estadounidense se libraba de pagar indemnizaciones.<\/p>\n\n\n\n<p>La jurisdicci\u00f3n universal para cr\u00edmenes contra la humanidad ya fue esgrimida por el juez Baltasar Garz\u00f3n para intentar juzgar al dictador chileno Augusto Pinochet. Cuando esa ventana se cerr\u00f3 en Espa\u00f1a, hace una d\u00e9cada, se reabri\u00f3 en Argentina, donde la magistrada Mar\u00eda Servini acept\u00f3 juzgar cr\u00edmenes del franquismo y llam\u00f3 a declarar al exministro Rodolfo Mart\u00edn Villa.&nbsp;<\/p>\n\n\n\n<p>La ejecuci\u00f3n de estas resoluciones est\u00e1 lejos de estar asegurada. En diciembre pasado, la justicia argentina tambi\u00e9n orden\u00f3 la detenci\u00f3n del presidente nicarag\u00fcense Daniel Ortega por \u201cviolaci\u00f3n sistem\u00e1tica de los derechos humanos\u201d.&nbsp;<\/p>\n\n\n\n<p>China considera a Birmania un pa\u00eds estrat\u00e9gico, ya que le da salida al golfo de Bengala, desde donde puede bombear directamente a su territorio entre un 5% y un 6% de sus importaciones de gas y petr\u00f3leo. Otros pa\u00edses tambi\u00e9n se han percatado. Excepcionalmente, no solo China, India y Rusia, sino tambi\u00e9n Jap\u00f3n, han mostrado frialdad hacia las demandas rohiny\u00e1s.&nbsp;<\/p>\n\n\n\n<h2 class=\"wp-block-heading\">Medios y ONG<\/h2>\n\n\n\n<h3 class=\"wp-block-heading\">Las entidades de oposici\u00f3n birmana acusan ya la congelaci\u00f3n de fondos de USAID<\/h3>\n\n\n\n<p>De forma no del todo consciente, el presidente estadounidense Donald Trump podr\u00eda haberles dado la puntilla, con el congelamiento de las aportaciones a USAID y el plan de cerrar a esta gigantesca agencia humanitaria. Seg\u00fan uno de los portales birmanos perjudicados, el bloqueo afecta a 39 millones de d\u00f3lares \u201cpara derechos humanos, democracia y proyectos de medios independientes\u201d.<\/p>\n\n\n\n<p>Algo que agravar\u00e1 la situaci\u00f3n dentro y fuera de Birmania. Seg\u00fan algunas estimaciones, en Arak\u00e1n solo queda una cuarta parte de la poblaci\u00f3n rohiny\u00e1 de hace unos a\u00f1os. El sur de Bangladesh es, desde luego, lo que m\u00e1s se parece a su tierra. Tal como dice el diario bengal\u00ed m\u00e1s le\u00eddo, Prothom Alo, \u201clos rohiny\u00e1 son una etnia con tremendas conexiones \u00e9tnicas, ling\u00fc\u00edsticas y religiosas con la Bengala de anta\u00f1o\u201d.&nbsp; Y con la de hoy en d\u00eda.&nbsp;<\/p>\n\n\n\n<p>De hecho, los rohiny\u00e1s hablan el dialecto bengal\u00ed de Chittagong, como el propio Mohamed Yunus, \u201cbanquero de los pobres\u201d, hoy formalmente al frente de Bangladesh. Sin embargo, Bangladesh se niega a escolarizarlos en su dialecto y tampoco en bengal\u00ed standard, para dificultar su facil\u00edsima asimilaci\u00f3n. Por el contrario, finge su escolarizaci\u00f3n en birmano -lengua que los ni\u00f1os ni siquiera entienden- con el programa escolar de Birmania o bien los manda a la madrasa a memorizar el Cor\u00e1n en \u00e1rabe medieval.&nbsp;<\/p>\n\n\n\n<p>Todo para mantener la ficci\u00f3n de que son una minor\u00eda birmana, en lugar de una minor\u00eda en Birmania. Todo para seguir recaudando cientos de millones al a\u00f1o y mantener entreabierta la puerta del retorno a un pa\u00eds que los rechaza. Pa\u00eds al que, seg\u00fan demuestra la experiencia, pasados veinte a\u00f1os, menos de una cuarta parte desea volver.<\/p>\n\n\n\n<h2 class=\"wp-block-heading\">Represalia militar indiscriminada<\/h2>\n\n\n\n<h3 class=\"wp-block-heading\">Un millar de yihadistas rohiny\u00e1s atent\u00f3 contra 25&nbsp; comisar\u00edas y cuarteles a la vez<\/h3>\n\n\n\n<p>La inquina de gran parte de la poblaci\u00f3n birmana -y no solo de sus mandatarios- hacia los rohiny\u00e1s no es nueva. En la \u00e9poca colonial, los brit\u00e1nicos eliminaron la frontera entre India y Birmania y llenaron esta \u00faltima de empleados y trabajadores indios, m\u00e1s formados o m\u00e1s d\u00f3ciles que los birmanos. Luego, mientras muchos birmanos, con Aung San al frente -el padre de la Nobel- combat\u00edan al lado de los japoneses para librarse de los brit\u00e1nicos -como lograron- estos \u00faltimos se val\u00edan de cipayos musulmanes para intentar recuperar terreno.<\/p>\n\n\n\n<p>Poco antes de morir, Nehru accedi\u00f3 a repatriar 300.000 hind\u00faes. Pero Pakist\u00e1n nunca hizo lo propio, lo que explica que cerca del 90% de los \u201cindios\u201d de Bangladesh sean musulmanes. Para desgracia de los \u201crohingyas\u201d -un neologismo de los a\u00f1os cincuenta- las 135 etnias de Birmania solo&nbsp; se ponen de acuerdo en una cosa: Los \u201cbengal\u00edes\u201d, as\u00ed les llaman, no son una de ellas.&nbsp;<\/p>\n\n\n\n<p>La guerra de independencia de Bangladesh, que termin\u00f3 con la derrota de Pakist\u00e1n, forz\u00f3 a muchos m\u00e1s a refugiarse en Birmania. Aunque la bomba demogr\u00e1fica de Bangladesh lleva d\u00e9cadas desbord\u00e1ndose y marcando el debate en los estados indios lim\u00edtrofes -como Asam- donde pueblos con verdadero riesgo de minorizaci\u00f3n -no es el caso de los doscientos millones de musulmanes bengal\u00edes- lanzan la voz de alarma.<\/p>\n\n\n\n<p>Ese guante ha sido tomado de forma oportunista por el n\u00famero dos de Narendra Modi y ministro del Interior, Amit Shah, que la semana pasada propici\u00f3 la hist\u00f3rica victoria de su partido en Delhi DF al prometer \u201cla expulsi\u00f3n de todos los banglades\u00edes y los rohiny\u00e1s antes de dos a\u00f1os\u201d.&nbsp;<\/p>\n\n\n\n<p>No ha trascendido a\u00fan la opini\u00f3n del presidente Javier Milei, alguien que al ser preguntado por la dictadura militar argentina contest\u00f3 que en los setenta hab\u00eda \u201cuna guerra\u201d y que hubo \u201cexcesos\u201d, pero no un plan sistem\u00e1tico de exterminio. En Naypyidaw deben preguntarse d\u00f3nde hay que firmar.&nbsp;<\/p>\n","protected":false},"excerpt":{"rendered":"<p>Jurisdicci\u00f3n universal Jordi Joan Ba\u00f1os Bangkok. Corresponsal 15\/02\/2025 21:00&nbsp;Actualizado a 15\/02\/2025 23:45 5 Lo que&#8230;<\/p>\n","protected":false},"author":4,"featured_media":0,"comment_status":"open","ping_status":"open","sticky":false,"template":"","format":"standard","meta":{"footnotes":""},"categories":[6],"tags":[],"class_list":["post-744","post","type-post","status-publish","format-standard","hentry","category-internacionales"],"_links":{"self":[{"href":"https:\/\/radiola25.com.ar\/index.php\/wp-json\/wp\/v2\/posts\/744","targetHints":{"allow":["GET"]}}],"collection":[{"href":"https:\/\/radiola25.com.ar\/index.php\/wp-json\/wp\/v2\/posts"}],"about":[{"href":"https:\/\/radiola25.com.ar\/index.php\/wp-json\/wp\/v2\/types\/post"}],"author":[{"embeddable":true,"href":"https:\/\/radiola25.com.ar\/index.php\/wp-json\/wp\/v2\/users\/4"}],"replies":[{"embeddable":true,"href":"https:\/\/radiola25.com.ar\/index.php\/wp-json\/wp\/v2\/comments?post=744"}],"version-history":[{"count":3,"href":"https:\/\/radiola25.com.ar\/index.php\/wp-json\/wp\/v2\/posts\/744\/revisions"}],"predecessor-version":[{"id":749,"href":"https:\/\/radiola25.com.ar\/index.php\/wp-json\/wp\/v2\/posts\/744\/revisions\/749"}],"wp:attachment":[{"href":"https:\/\/radiola25.com.ar\/index.php\/wp-json\/wp\/v2\/media?parent=744"}],"wp:term":[{"taxonomy":"category","embeddable":true,"href":"https:\/\/radiola25.com.ar\/index.php\/wp-json\/wp\/v2\/categories?post=744"},{"taxonomy":"post_tag","embeddable":true,"href":"https:\/\/radiola25.com.ar\/index.php\/wp-json\/wp\/v2\/tags?post=744"}],"curies":[{"name":"wp","href":"https:\/\/api.w.org\/{rel}","templated":true}]}}