{"id":713,"date":"2024-09-10T10:04:05","date_gmt":"2024-09-10T13:04:05","guid":{"rendered":"https:\/\/radiola25.com.ar\/?p=713"},"modified":"2024-09-10T10:05:57","modified_gmt":"2024-09-10T13:05:57","slug":"argentina-mas-de-230-despidos-confirman-el-final-del-reactor-carem-un-desarrollo-que-iba-a-ser-de-vanguardia-en-todo-el-continente","status":"publish","type":"post","link":"https:\/\/radiola25.com.ar\/index.php\/2024\/09\/10\/argentina-mas-de-230-despidos-confirman-el-final-del-reactor-carem-un-desarrollo-que-iba-a-ser-de-vanguardia-en-todo-el-continente\/","title":{"rendered":"Argentina. M\u00e1s de 230 despidos confirman el final del reactor CAREM, un desarrollo que iba a ser de vanguardia en todo el continente"},"content":{"rendered":"\n<figure class=\"wp-block-image size-large\"><img loading=\"lazy\" decoding=\"async\" width=\"1024\" height=\"683\" src=\"https:\/\/radiola25.com.ar\/wp-content\/uploads\/2024\/09\/image-1-1024x683.png\" alt=\"\" class=\"wp-image-714\" srcset=\"https:\/\/radiola25.com.ar\/wp-content\/uploads\/2024\/09\/image-1-1024x683.png 1024w, https:\/\/radiola25.com.ar\/wp-content\/uploads\/2024\/09\/image-1-300x200.png 300w, https:\/\/radiola25.com.ar\/wp-content\/uploads\/2024\/09\/image-1-768x512.png 768w, https:\/\/radiola25.com.ar\/wp-content\/uploads\/2024\/09\/image-1.png 1200w\" sizes=\"auto, (max-width: 1024px) 100vw, 1024px\" \/><\/figure>\n\n\n\n<p>Por Gustavo Sarmiento, Resumen Latinoamericano, 9 de septiembre de 2024.<\/p>\n\n\n\n<p>Trabajadores cortaron este lunes la Autopista Panamericana en Z\u00e1rate, a la altura del acceso al Complejo Atucha, en protesta por la paralizaci\u00f3n de la obra. La historia y la importancia de un proyecto que iba a ser clave para el pa\u00eds.<\/p>\n\n\n\n<p>Trabajadores cortaron este lunes la Autopista Panamericana en Z\u00e1rate, a la altura del acceso al Complejo Atucha, en protesta por los (hasta ahora)&nbsp;<strong>230 despidos en la obra del<a href=\"https:\/\/www.tiempoar.com.ar\/informacion-general\/satelites-vacunas-yogures-reactores-nucleares-litio-conicet\/\" target=\"_blank\" rel=\"noreferrer noopener\">&nbsp;reactor CAREM<\/a>.<\/strong>&nbsp;Se trata de un desarrollo de vanguardia en el continente que colocaba a la Argentina entre los l\u00edderes de&nbsp;<strong>un mercado estrat\u00e9gico a nivel mundial,<\/strong>&nbsp;compitiendo con grandes actores como Estados Unidos, China y Rusia.<\/p>\n\n\n\n<p>\u00abLa decisi\u00f3n de la CNEA es paralizar el proyecto\u00bb, confirm\u00f3 Julio Gonzalez de<a href=\"https:\/\/www.uocra.org\/\" target=\"_blank\" rel=\"noreferrer noopener\">\u00a0UOCRA Z\u00e1rate<\/a>\u00a0esta ma\u00f1ana sobre un proyecto que estaba pronto a finalizar<strong>, y que se enmarca en el ataque ideol\u00f3gico del gobierno a la ciencia nacional.\u00a0<\/strong>La protesta, que cont\u00f3 con personal de ATE, UOCRA, Luz y Fuerza y UECARA, gener\u00f3 un kil\u00f3metro de cola de veh\u00edculos en ambos sentidos. Obviamente grandes medios se quedaron con esto \u00faltimo, sin detallar los motivos del reclamo ni la importancia del proyecto.<\/p>\n\n\n\n<p>Se trata del primer reactor nuclear completamente propio del pa\u00eds, con tecnolog\u00eda de vanguardia en el mundo.&nbsp;<strong>Y que adem\u00e1s le generar\u00eda a la Argentina un ingreso de divisas como exportador,<\/strong>&nbsp;teniendo en cuenta que solo un pu\u00f1ado de pa\u00edses est\u00e1n encarando algo similar en todo el planeta.<\/p>\n\n\n\n<p>\u00abRepudiamos los despidos. No podemos permitir que sigan destruyendo empleos y derechos conquistados con lucha. Esto no es un ataque a ellos, es un ataque a toda la clase trabajadora\u00bb, advirti\u00f3 la diputada provincial por Campana, Soledad Alonso.<\/p>\n\n\n\n<h2 class=\"wp-block-heading\">El CAREM, un reactor de vanguardia<\/h2>\n\n\n\n<p>El proyecto&nbsp;CAREM es el primer reactor nuclear de potencia \u00edntegramente dise\u00f1ado y construido en nuestro pa\u00eds. \u201cSi Argentina logra desarrollarlo a tiempo \u2013destacaba en octubre pasado el ex ministro de Ciencia, Roberto Salvarezza\u2013 estar\u00eda liderando un mercado de peque\u00f1os reactores que promete ser muy estrat\u00e9gico a nivel mundial compitiendo con grandes actores como Estados Unidos, China y Rusia\u201d.<\/p>\n\n\n\n<p>Tiene una gran proyecci\u00f3n para el abastecimiento el\u00e9ctrico de zonas alejadas de los grandes centros urbanos o de polos fabriles e industriales con alto consumo de energ\u00eda (incluyendo la capacidad de alimentar plantas de desalinizaci\u00f3n de agua de mar).<\/p>\n\n\n\n<p>En etapa avanzada de construcci\u00f3n en la localidad bonaerense de&nbsp;Lima, el CAREM-25 fue dise\u00f1ado originalmente para generar una potencia de 25 megavatios el\u00e9ctricos (de all\u00ed su nombre), pero a ra\u00edz de sucesivas mejoras en la ingenier\u00eda y por la tecnolog\u00eda que se aplicar\u00e1 en el turbogrupo,&nbsp;el prototipo ser\u00e1 capaz de generar una potencia el\u00e9ctrica superior a los 32 MWe&nbsp;(lo que permitir\u00eda abastecer, como ejemplo de equivalencia, a una poblaci\u00f3n de unos 120 mil habitantes).&nbsp;<\/p>\n\n\n\n<p>El proyecto comprende una superficie de 18.500 m2, de los cuales alrededor de 14.000 m2 corresponden al llamado \u2018m\u00f3dulo nuclear\u2019, el sector que incluye la contenci\u00f3n del reactor, la sala de control y todos los sistemas de seguridad y de operaci\u00f3n de la central. La obra civil comenz\u00f3 el 8 de febrero de 2014, momento desde el cual el CAREM se ha constituido como el primer SMR (modulares de baja y media potencia, seg\u00fan sigla en ingl\u00e9s) del mundo en estar oficialmente en construcci\u00f3n.<\/p>\n\n\n\n<h2 class=\"wp-block-heading\">Los prejuicios y la presencia de Estados Unidos<\/h2>\n\n\n\n<p><a href=\"https:\/\/www.tiempoar.com.ar\/ta_article\/el-fin-de-la-argentina-nuclear\/\" target=\"_blank\" rel=\"noreferrer noopener\">Como resaltan Valeria Edelsztein y Claudio Cormick,<\/a>&nbsp;se trata de un proyecto de avanzada&nbsp;<em>a nivel mundial<\/em>: la Central Argentina de Elementos Modulares o CAREM, un reactor modular peque\u00f1o (o&nbsp;<em>SMR<\/em>, por sus siglas en ingl\u00e9s), de construcci\u00f3n barata y r\u00e1pida, e ideal para ciudades peque\u00f1as y aisladas de los grandes tendidos el\u00e9ctricos. \u201cSu desarrollo y la oportuna puesta en marcha de un reactor de este tipo abre un sinf\u00edn de posibilidades para llevar energ\u00eda a donde se la necesite\u201d, comenta Tom\u00e1s Avallone, operador de reactores nucleares y trabajador de la Comisi\u00f3n Nacional de Energ\u00eda At\u00f3mica (CNEA).<\/p>\n\n\n\n<p>CAREM fue destacado el 5 de marzo de este a\u00f1o por la&nbsp;<a href=\"https:\/\/www.oecd-nea.org\/jcms\/pl_90816\/the-nea-small-modular-reactor-dashboard-second-edition\" rel=\"noreferrer noopener\" target=\"_blank\">Nuclear Energy Agency<\/a>&nbsp;como el proyecto cuya construcci\u00f3n estaba m\u00e1s avanzada en el mundo entre los \u00fanicos tres proyectos de SMR en curso, por delante del ACP100 chino y el Brest-OD ruso. Dos d\u00edas despu\u00e9s, la CNEA e INVAP anunciaban un memorando para&nbsp;<a href=\"https:\/\/www.argentina.gob.ar\/noticias\/invap-y-cnea-firmaron-un-memorando-para-explorar-oportunidades-comerciales-del-reactor\" rel=\"noreferrer noopener\" target=\"_blank\">exportar al mundo esta tecnolog\u00eda argentina<\/a>. Las caracter\u00edsticas del nuevo reactor lo volv\u00edan especialmente atractivo para exportar a pa\u00edses&nbsp;<a href=\"https:\/\/www.lanacion.com.ar\/sociedad\/guino-del-destino-buscan-exportar-el-reactor-argentino-carem-el-mas-avanzado-de-su-tipo-en-occidente-nid17032024\/\" rel=\"noreferrer noopener\" target=\"_blank\">que actualmente no disponen de energ\u00eda nuclear y cuyas redes el\u00e9ctricas son peque\u00f1as<\/a>. \u201cEn t\u00e9rminos econ\u00f3micos estamos hablando de exportaciones unitarias por m\u00e1s de 4 mil millones de d\u00f3lares por cada reactor\u201d, se\u00f1ala Avallone. Pero solo<em>&nbsp;tres semanas<\/em>&nbsp;m\u00e1s tarde, las noticias eran desalentadoras:&nbsp;<a href=\"https:\/\/www.lavoz.com.ar\/ciudadanos\/denuncian-que-javier-milei-paralizo-la-construccion-de-carem-25-la-mini-central-nuclear-argentina\/#:~:text=El%20gremio%20de%20empleados%20de,Lima%2C%20provincia%20de%20Buenos%20Aires.\" rel=\"noreferrer noopener\" target=\"_blank\">el despido<\/a>&nbsp;<a href=\"https:\/\/www.infobae.com\/politica\/2024\/04\/01\/en-medio-de-los-despidos-en-el-estado-la-ucr-pidio-informes-por-el-freno-de-las-obras-en-reactores-nucleares\/\" rel=\"noreferrer noopener\" target=\"_blank\">de 100 obreros<\/a>&nbsp;de la construcci\u00f3n de CAREM marcaba la interrupci\u00f3n de este proyecto. \u00bfQu\u00e9 pudo haber ocurrido? \u00abNuevamente prejuicios antinucleares\u2026 pero de un tipo diferente\u00bb, remarcan Edelsztein y Cormick.<\/p>\n\n\n\n<p>Y contin\u00faan: \u00abLos prejuicios del nuevo gobierno argentino no son ecol\u00f3gicos como los de Alemania: el cuidado del ambiente no est\u00e1 en un lugar central entre las preocupaciones del experimento \u201clibertario\u201d; recordemos que Milei declar\u00f3 que una empresa privada debe poder contaminar r\u00edos\u00a0<a href=\"https:\/\/www.lanacion.com.ar\/politica\/elecciones-2023-javier-milei-dijo-que-una-empresa-puede-contaminar-un-rio-todo-lo-que-quiera-y-nid02092023\/\" target=\"_blank\" rel=\"noreferrer noopener\">\u201ctodo lo que quiera\u201d<\/a>. El prejuicio antinuclear mile\u00edsta es aquel seg\u00fan el cual\u00a0<a href=\"https:\/\/www.facebook.com\/lanacion\/photos\/a.10150092000724220\/10160600079424220\/?comment_id=1401996093974135&amp;paipv=0&amp;eav=Afb3T93I8UzdDvrpa_Gc2xu9HMRhbmf4nFWa7GAzaOmae1cVHV5fRlTM-8zd-JTZs-w&amp;_rdr\" target=\"_blank\" rel=\"noreferrer noopener\">\u201ctodo lo que hace el Estado argentino lo hace mal\u201d<\/a>: el desarrollo econ\u00f3mico deber\u00eda solo depender de la iniciativa privada\u00bb.<\/p>\n\n\n\n<p>As\u00ed, la par\u00e1lisis del CAREM no parece ser solo circunstancial, sino que se debe \u00abal brutal ahogo presupuestario al que fue sometida la CNEA por el gobierno, y que,&nbsp;<a href=\"https:\/\/periferia.com.ar\/wp-content\/uploads\/2024\/03\/Situacion-Presupuestaria-Critica-en-CNEA-Comunicado-Gerentxs-de-Area-27-de-marzo-de-2024.pdf\" rel=\"noreferrer noopener\" target=\"_blank\">como denunciaron sus autoridades en un comunicado<\/a>, signific\u00f3 tambi\u00e9n la interrupci\u00f3n de \u2014<a href=\"https:\/\/www.tiempoar.com.ar\/ta_article\/reactor-construccion-freno-gobierno\/\">entre otras actividades<\/a>\u2014 la construcci\u00f3n del Centro Argentino de Protonterapia\u00bb, subrayan.<\/p>\n\n\n\n<p>Este centro, comenta Jesuana Aizcorbe, bioingeniera en la Gerencia de Aplicaciones Nucleares de la Salud en CNEA, \u201ctambi\u00e9n est\u00e1 paralizado y casi terminado\u201d. Ser\u00eda \u201cel primero en el hemisferio sur si no nos ganan los australianos\u201d y permitir\u00eda \u201ctratar ciertos tumores en pacientes pedi\u00e1tricos y en adultos\u201d.<\/p>\n\n\n\n<p>Pero hay m\u00e1s motivos para el pesimismo, y se apoyan en constatar un\u00a0<em>segundo\u00a0<\/em>prejuicio antinuclear de Milei. Seg\u00fan el presidente, alinearse con los intereses de los EE.UU. \u201c<a href=\"https:\/\/www.argentina.gob.ar\/noticias\/milei-y-petri-recibieron-la-general-richardson-en-una-semana-de-intensas-actividades\" target=\"_blank\" rel=\"noreferrer noopener\">nos permitir\u00e1 la prosperidad econ\u00f3mica de nuestros pueblos, requisito para garantizar la soberan\u00eda<\/a>\u201d. Es decir, habr\u00eda ventajas econ\u00f3micas en no enfrentarse con el imperialismo norteamericano. Sin embargo, el sector nuclear es uno en el que se ve que esto no es as\u00ed. Como\u00a0<a href=\"https:\/\/books.google.com.ar\/books?id=PJL0oQEACAAJ\" target=\"_blank\" rel=\"noreferrer noopener\">narra Diego Hurtado<\/a>, el desarrollo nuclear argentino enfrent\u00f3 desde el comienzo las trabas de Estados Unidos, que busc\u00f3 instalar la idea de que los gobiernos argentinos pod\u00edan perseguir objetivos b\u00e9licos al desarrollar esta forma de energ\u00eda.<\/p>\n\n\n\n<p>M\u00e1s cerca en el tiempo, y como comenta Avallone, la influencia estadounidense se deja entrever por detr\u00e1s de la par\u00e1lisis no solo de CAREM sino tambi\u00e9n de la cuarta central nuclear del pa\u00eds, financiada por China, rival geopol\u00edtico de EE.UU. \u201cDurante el \u00faltimo tiempo es notable el inter\u00e9s del gobierno estadounidense por frenar el desarrollo del CAREM\u201d, comenta.<\/p>\n\n\n\n<p>Y agrega: \u201cEn cuanto a la construcci\u00f3n de una cuarta central nuclear, fueron muchos los cambios de rumbo en el \u00faltimo tiempo. Claramente hay un inter\u00e9s externo en que esos proyectos no lleguen a buen puerto. Un dato es que ni bien se firm\u00f3 el acuerdo con el FMI, durante la presidencia de Mauricio Macri\u201d \u2014para el cual result\u00f3 clave el apoyo de EE.UU., principal accionista del Fondo\u2014, \u201cse fren\u00f3 el proyecto de la cuarta central\u201d. Concluye: \u201cEn definitiva, las relaciones carnales nunca fueron de la mano con el desarrollo industrial nacional\u201d.<\/p>\n\n\n\n<p>La historia de la Argentina at\u00f3mica \u00bfiba? a tener un nuevo hito en la finalizaci\u00f3n de la construcci\u00f3n y la puesta en marcha de CAREM, se lamentan Edelsztein y Cormick. \u00abQuitar a la CNEA el presupuesto para esta iniciativa \u2013a\u00f1aden\u2013 no significar\u00e1 liberar el terreno para que un hipot\u00e9tico sector privado din\u00e1mico ampl\u00ede nuestra matriz energ\u00e9tica. Significar\u00e1 simplemente una par\u00e1lisis. La diferencia entre que el Estado emprenda o no esas tareas de ampliaci\u00f3n no es la diferencia entre \u201cm\u00e1s\u201d y \u201cmenos\u201d Estado. Es la que hay entre el Estado de un pa\u00eds genuinamente \u201cen v\u00edas de desarrollo\u201d y el de uno que, salvo por no producir bananas, se encamine a ser \u2018bananero\u2019\u00bb.<\/p>\n\n\n\n<p>FUENTE: Tiempo Argentino<\/p>\n","protected":false},"excerpt":{"rendered":"<p>Por Gustavo Sarmiento, Resumen Latinoamericano, 9 de septiembre de 2024. Trabajadores cortaron este lunes la&#8230;<\/p>\n","protected":false},"author":4,"featured_media":714,"comment_status":"open","ping_status":"open","sticky":false,"template":"","format":"standard","meta":{"footnotes":""},"categories":[1],"tags":[],"class_list":["post-713","post","type-post","status-publish","format-standard","has-post-thumbnail","hentry","category-uncategorized"],"_links":{"self":[{"href":"https:\/\/radiola25.com.ar\/index.php\/wp-json\/wp\/v2\/posts\/713","targetHints":{"allow":["GET"]}}],"collection":[{"href":"https:\/\/radiola25.com.ar\/index.php\/wp-json\/wp\/v2\/posts"}],"about":[{"href":"https:\/\/radiola25.com.ar\/index.php\/wp-json\/wp\/v2\/types\/post"}],"author":[{"embeddable":true,"href":"https:\/\/radiola25.com.ar\/index.php\/wp-json\/wp\/v2\/users\/4"}],"replies":[{"embeddable":true,"href":"https:\/\/radiola25.com.ar\/index.php\/wp-json\/wp\/v2\/comments?post=713"}],"version-history":[{"count":1,"href":"https:\/\/radiola25.com.ar\/index.php\/wp-json\/wp\/v2\/posts\/713\/revisions"}],"predecessor-version":[{"id":715,"href":"https:\/\/radiola25.com.ar\/index.php\/wp-json\/wp\/v2\/posts\/713\/revisions\/715"}],"wp:featuredmedia":[{"embeddable":true,"href":"https:\/\/radiola25.com.ar\/index.php\/wp-json\/wp\/v2\/media\/714"}],"wp:attachment":[{"href":"https:\/\/radiola25.com.ar\/index.php\/wp-json\/wp\/v2\/media?parent=713"}],"wp:term":[{"taxonomy":"category","embeddable":true,"href":"https:\/\/radiola25.com.ar\/index.php\/wp-json\/wp\/v2\/categories?post=713"},{"taxonomy":"post_tag","embeddable":true,"href":"https:\/\/radiola25.com.ar\/index.php\/wp-json\/wp\/v2\/tags?post=713"}],"curies":[{"name":"wp","href":"https:\/\/api.w.org\/{rel}","templated":true}]}}