{"id":679,"date":"2024-07-23T14:25:38","date_gmt":"2024-07-23T17:25:38","guid":{"rendered":"https:\/\/radiola25.com.ar\/?p=679"},"modified":"2024-07-23T14:25:39","modified_gmt":"2024-07-23T17:25:39","slug":"historico-facciones-palestinas-firman-un-acuerdo-de-reconciliacion-para-formar-un-gobierno-unido","status":"publish","type":"post","link":"https:\/\/radiola25.com.ar\/index.php\/2024\/07\/23\/historico-facciones-palestinas-firman-un-acuerdo-de-reconciliacion-para-formar-un-gobierno-unido\/","title":{"rendered":"&#8220;Hist\u00f3rico&#8221;: Facciones palestinas firman un acuerdo de reconciliaci\u00f3n para formar un gobierno unido"},"content":{"rendered":"\n<p><strong>La suscripci\u00f3n del documento, con participaci\u00f3n de Ham\u00e1s y Fatah, se celebr\u00f3 con la mediaci\u00f3n de Pek\u00edn.<\/strong><\/p>\n\n\n\n<figure class=\"wp-block-image size-full\"><img loading=\"lazy\" decoding=\"async\" width=\"600\" height=\"418\" src=\"https:\/\/radiola25.com.ar\/wp-content\/uploads\/2024\/07\/image-5.png\" alt=\"\" class=\"wp-image-680\" srcset=\"https:\/\/radiola25.com.ar\/wp-content\/uploads\/2024\/07\/image-5.png 600w, https:\/\/radiola25.com.ar\/wp-content\/uploads\/2024\/07\/image-5-300x209.png 300w\" sizes=\"auto, (max-width: 600px) 100vw, 600px\" \/><\/figure>\n\n\n\n<p>Los representantes de 14 facciones palestinas firmaron este martes la &#8220;Declaraci\u00f3n de Pek\u00edn sobre el fin de divisi\u00f3n y&nbsp;<strong>fortalecimiento de la unidad nacional palestina<\/strong>&#8220;,&nbsp;<a href=\"https:\/\/www.fmprc.gov.cn\/wjbzhd\/202407\/t20240723_11458692.shtml\" target=\"_blank\" rel=\"noreferrer noopener\">informa<\/a>&nbsp;el Ministerio de Exteriores de China. As\u00ed, gracias a la mediaci\u00f3n del gigante asi\u00e1tico, los l\u00edderes de Hamas y Fatah \u2014que han estado rivalizando desde que el primero gan\u00f3 las elecciones legislativas en 2006\u2014, se encontraron esta semana en Pek\u00edn por segunda vez consecutiva en menos de tres meses y participaron en la firma del documento.<\/p>\n\n\n\n<p>El jefe de la diplomacia china, Wang Yi, calific\u00f3 la suscripci\u00f3n del acuerdo de &#8220;un\u00a0<strong>momento importante e hist\u00f3rico<\/strong>\u00a0en la causa de la liberaci\u00f3n de Palestina&#8221; y destac\u00f3 que se trata de &#8220;un paso importante para promover la resoluci\u00f3n de la cuesti\u00f3n palestina y lograr la paz y la estabilidad en Oriente Medio&#8221;.<\/p>\n\n\n\n<p>&#8220;China espera sinceramente que las facciones palestinas logren el&nbsp;<strong>establecimiento del Estado palestino independiente lo antes posible<\/strong>&nbsp;sobre la base de la reconciliaci\u00f3n interna, y est\u00e1 dispuesta a fortalecer la comunicaci\u00f3n y la coordinaci\u00f3n con las partes pertinentes para realizar esfuerzos conjuntos para implementar la Declaraci\u00f3n de Pek\u00edn alcanzada hoy&#8221;, agreg\u00f3.<\/p>\n\n\n\n<h3 class=\"wp-block-heading\">Palestina independiente<\/h3>\n\n\n\n<p>El pacto tiene como objetivo realizar un trabajo conjunto por la &#8220;unidad nacional integral&#8221; y el establecimiento de un&nbsp;Estado palestino independiente, con Jerusal\u00e9n como su capital, informa el medio \u00e1rabe&nbsp;<a href=\"https:\/\/espanol.almayadeen.net\/noticias\/politica\/1889037\/delegaciones-palestinas-reunidas-en-beijing-llaman-a-unidad\" target=\"_blank\" rel=\"noreferrer noopener\">Al Mayadeen<\/a>.<\/p>\n\n\n\n<p>El documento, entre otros puntos, prev\u00e9 la formaci\u00f3n de\u00a0<strong>un gobierno temporal\u00a0<\/strong>con el consenso nacional de todas las facciones que unir\u00e1\u00a0las instituciones en un mismo Estado y dirigir\u00e1 la reconstrucci\u00f3n de la Franja de Gaza, arrasada por la ofensiva israel\u00ed en curso. Asimismo, este paso acercar\u00eda la\u00a0<strong>celebraci\u00f3n de elecciones generales<\/strong>, a\u00f1ade el medio.<\/p>\n\n\n\n<p>A la ceremonia de clausura, adem\u00e1s de los representantes de 14 importantes facciones palestinas, asistieron los enviados en China de&nbsp;<a href=\"https:\/\/esrt.space\/video\/500736-rusia-reunion-interpalestina-restauracion-estado\" target=\"_blank\" rel=\"noreferrer noopener\">Rusia<\/a>, Egipto, Argelia, Arabia Saudita, Catar, Jordania, Siria, el L\u00edbano y Turqu\u00eda.<\/p>\n\n\n\n<h3 class=\"wp-block-heading\">Reacci\u00f3n de Israel<\/h3>\n\n\n\n<p>El ministro israel\u00ed de Asuntos Exteriores, Israel Katz,&nbsp;<a href=\"https:\/\/x.com\/Israel_katz\/status\/1815670709378560503?ref_src=twsrc%5Egoogle%7Ctwcamp%5Eserp%7Ctwgr%5Etweet%7Ctwtr%5Etrue\" target=\"_blank\" rel=\"noreferrer noopener\">critic\u00f3<\/a>&nbsp;este martes la suscripci\u00f3n del acuerdo en China,&nbsp;asegurando&nbsp;que&nbsp;Ham\u00e1s y Fatah lo firmaron &#8220;para controlar conjuntamente Gaza despu\u00e9s de la guerra&#8221;.&nbsp;En su opini\u00f3n, el presidente de la Autoridad Palestina, Mahmoud Abb\u00e1s, &#8220;en lugar de rechazar el terrorismo, [&#8230;] abraza a los asesinos y violadores de Ham\u00e1s, revelando su verdadero rostro&#8221;.&nbsp;<\/p>\n\n\n\n<p>Asimismo, Katz afirm\u00f3 que estos movimientos palestinos no podr\u00e1n controlar&nbsp;el enclave&nbsp;&#8220;porque el gobierno de Hamas ser\u00e1 aplastado y Abb\u00e1s estar\u00e1 observando Gaza desde lejos&#8221;. &#8220;La seguridad de Israel seguir\u00e1 estando \u00fanicamente en manos de Israel&#8221;, concluy\u00f3.<\/p>\n","protected":false},"excerpt":{"rendered":"<p>La suscripci\u00f3n del documento, con participaci\u00f3n de Ham\u00e1s y Fatah, se celebr\u00f3 con la mediaci\u00f3n&#8230;<\/p>\n","protected":false},"author":4,"featured_media":0,"comment_status":"open","ping_status":"open","sticky":false,"template":"","format":"standard","meta":{"footnotes":""},"categories":[1],"tags":[],"class_list":["post-679","post","type-post","status-publish","format-standard","hentry","category-uncategorized"],"_links":{"self":[{"href":"https:\/\/radiola25.com.ar\/index.php\/wp-json\/wp\/v2\/posts\/679","targetHints":{"allow":["GET"]}}],"collection":[{"href":"https:\/\/radiola25.com.ar\/index.php\/wp-json\/wp\/v2\/posts"}],"about":[{"href":"https:\/\/radiola25.com.ar\/index.php\/wp-json\/wp\/v2\/types\/post"}],"author":[{"embeddable":true,"href":"https:\/\/radiola25.com.ar\/index.php\/wp-json\/wp\/v2\/users\/4"}],"replies":[{"embeddable":true,"href":"https:\/\/radiola25.com.ar\/index.php\/wp-json\/wp\/v2\/comments?post=679"}],"version-history":[{"count":1,"href":"https:\/\/radiola25.com.ar\/index.php\/wp-json\/wp\/v2\/posts\/679\/revisions"}],"predecessor-version":[{"id":681,"href":"https:\/\/radiola25.com.ar\/index.php\/wp-json\/wp\/v2\/posts\/679\/revisions\/681"}],"wp:attachment":[{"href":"https:\/\/radiola25.com.ar\/index.php\/wp-json\/wp\/v2\/media?parent=679"}],"wp:term":[{"taxonomy":"category","embeddable":true,"href":"https:\/\/radiola25.com.ar\/index.php\/wp-json\/wp\/v2\/categories?post=679"},{"taxonomy":"post_tag","embeddable":true,"href":"https:\/\/radiola25.com.ar\/index.php\/wp-json\/wp\/v2\/tags?post=679"}],"curies":[{"name":"wp","href":"https:\/\/api.w.org\/{rel}","templated":true}]}}