{"id":660,"date":"2024-06-13T20:31:39","date_gmt":"2024-06-13T23:31:39","guid":{"rendered":"https:\/\/radiola25.com.ar\/?p=660"},"modified":"2024-06-13T20:31:39","modified_gmt":"2024-06-13T23:31:39","slug":"felisa-miceli-es-posible-que-ahora-comience-una-etapa-de-mayor-estabilidad","status":"publish","type":"post","link":"https:\/\/radiola25.com.ar\/index.php\/2024\/06\/13\/felisa-miceli-es-posible-que-ahora-comience-una-etapa-de-mayor-estabilidad\/","title":{"rendered":"Felisa Miceli: &#8220;Es posible que ahora comience una etapa de mayor estabilidad&#8221;"},"content":{"rendered":"\n<p>La exministra de Econom\u00eda y Producci\u00f3n opina que la Ley Bases y la renegociaci\u00f3n del swap con China podr\u00edan destrabar el financiamiento externo. &#8220;Puede ser que ahora se generen condiciones para grandes inversiones&#8221;, expres\u00f3.<\/p>\n\n\n\n<figure class=\"wp-block-image size-full\"><img loading=\"lazy\" decoding=\"async\" width=\"987\" height=\"555\" src=\"https:\/\/radiola25.com.ar\/wp-content\/uploads\/2024\/06\/image-8.png\" alt=\"\" class=\"wp-image-661\" srcset=\"https:\/\/radiola25.com.ar\/wp-content\/uploads\/2024\/06\/image-8.png 987w, https:\/\/radiola25.com.ar\/wp-content\/uploads\/2024\/06\/image-8-300x169.png 300w, https:\/\/radiola25.com.ar\/wp-content\/uploads\/2024\/06\/image-8-768x432.png 768w\" sizes=\"auto, (max-width: 987px) 100vw, 987px\" \/><\/figure>\n\n\n\n<p><strong>Felisa Miceli<\/strong>\u00a0reconoce que la herencia econ\u00f3mica recibida por el Gobierno actual no fue, buena aunque asegura que &#8220;no era necesario&#8221; un ajuste tan brusco<strong>.<\/strong>\u00a0\u201cHay muchas formas de lograr el equilibrio fiscal, la que eligi\u00f3 Milei es muy atentatoria contra la calidad y la forma de vida de muchos argentinos\u201d. Adem\u00e1s, la exministra de Econom\u00eda\u00a0<strong>pidi\u00f3 que se reactive la obra p\u00fablica<\/strong>: \u201cSer\u00eda una manera de reactivar la econom\u00eda\u201d, afirm\u00f3 en\u00a0<strong><a href=\"https:\/\/twitter.com\/mfontevecchiaok\" target=\"_blank\" rel=\"noreferrer noopener\"><em>Modo Fontevecchia<\/em><\/a><\/strong>, por\u00a0<a href=\"http:\/\/www.canalnet.tv\/programas\/modo-fontevecchia\/\" target=\"_blank\" rel=\"noreferrer noopener\">Net TV<\/a>,\u00a0<a href=\"http:\/\/radio.perfil.com\/en-vivo\/radio\" target=\"_blank\" rel=\"noreferrer noopener\">Radio Perfil<\/a>\u00a0(AM 1190) y\u00a0<a href=\"https:\/\/radioamadeus.com.ar\/\" target=\"_blank\" rel=\"noreferrer noopener\">Radio Amadeus<\/a>\u00a0(FM 91.1).<\/p>\n\n\n\n<p><em>Felisa Miceli es economista.&nbsp;Fue&nbsp;ministra de Econom\u00eda y Producci\u00f3n entre 2005 y 2007. Se desempe\u00f1\u00f3 como directora de Presupuestos Provinciales y&nbsp;form\u00f3 parte del directorio del Banco Provincia de Buenos Aires entre 1983 y 1987.&nbsp;Tambi\u00e9n integr\u00f3 el equipo econ\u00f3mico de Roberto Lavagna como representante del ministerio de Econom\u00eda ante el Banco Central.<\/em><\/p>\n\n\n\n<p><strong>Hace algunos d\u00edas usted mencion\u00f3 que no iba a haber una reactivaci\u00f3n econ\u00f3mica y compar\u00f3 esta situaci\u00f3n con la de los a\u00f1os 90, pero los 90 tuvieron dos lustros distintos, tal es as\u00ed que hubo un a\u00f1o en el que el PBI creci\u00f3 9%. Roberto Lavagna sosten\u00eda que Milei podr\u00eda tener alg\u00fan \u00e9xito inicial m\u00e1s corto que el de la Convertibilidad, y tambi\u00e9n mencionaba que los primeros a\u00f1os de Menem fueron pr\u00f3speros, m\u00e1s all\u00e1 de que la falta de sustentabilidad del plan.<\/strong><\/p>\n\n\n\n<p>Estoy de acuerdo con lo que dice, los datos son irrefutables,&nbsp;lo que pasa es que el contexto era diferente. La Convertibilidad se implement\u00f3&nbsp;a partir de una ley que permit\u00eda la aplicaci\u00f3n del &#8220;uno a uno&#8221;&nbsp;<strong>en base a un pa\u00eds desendeudado,<\/strong>&nbsp;por lo que la financiaci\u00f3n de ese esquema para que permanezca en el tiempo y pueda tener un impacto positivo en t\u00e9rminos antiinflacionarios se produjo con toma de deuda y&nbsp;<a target=\"_blank\" href=\"https:\/\/www.perfil.com\/noticias\/politica\/ley-bases-retiran-aerolineas-argentinas-correo-argentino-y-rta-de-las-empresas-sujetas-a-privatizar.phtml\" rel=\"noreferrer noopener\">privatizaciones<\/a>. Esto pudo haber impactado negativamente en la sociedad pero, a los efectos de obtener divisas para financiar el plan del &#8220;uno a uno&#8221;, fueron exitosas.&nbsp;<\/p>\n\n\n\n<p><strong>Se trajeron muchos fondos del exterior producto de la venta de &#8220;las joyas de la abuela&#8221;<\/strong>. Esa es la diferencia en cuanto a c\u00f3mo Menem logr\u00f3 ese resultado exitoso en los primeros 5 a\u00f1os. Cuando se acab\u00f3 la influencia de estos actores sobrevino, entre otras cuestiones, un<strong>&nbsp;declive de la producci\u00f3n industrial de la que no se puede salir f\u00e1cilmente<\/strong>&nbsp;porque se presentaba el problema de un&nbsp;<a target=\"_blank\" href=\"https:\/\/www.perfil.com\/noticias\/economia\/milei-y-el-atraso-cambiario-la-argentina-esta-cara-en-dolares.phtml\" rel=\"noreferrer noopener\">tipo de cambio atrasado<\/a>, una falta de competitividad para la econom\u00eda argentina y una ca\u00edda de los ingresos de la poblaci\u00f3n muy alta. De esa manera, ning\u00fan factor importante de los que conforman los motores para tener una revitalizaci\u00f3n de la econom\u00eda no estaban funcionando.<\/p>\n\n\n\n<p><strong>\u00bfEste gobierno podr\u00eda sustituir el endeudamiento y las privatizaciones por la ganancia con la miner\u00eda, la energ\u00eda y una renegociaci\u00f3n con el FMI para tener un verano de, al menos, dos a\u00f1os?&nbsp;<\/strong><\/p>\n\n\n\n<p>Ayer sucedi\u00f3 algo que puede ir en esa l\u00ednea de an\u00e1lisis. No solamente la aprobaci\u00f3n de la&nbsp;<a target=\"_blank\" href=\"https:\/\/www.perfil.com\/noticias\/politica\/ley-bases-aprobacion-senado-que-puede-hacer-diputados.phtml\" rel=\"noreferrer noopener\">Ley Bases<\/a>, sino tambi\u00e9n&nbsp;<strong>la confirmaci\u00f3n de que China le va a facilitar al Gobierno la posibilidad de pagar el swap hasta el a\u00f1o 2026<\/strong>. Eso tambi\u00e9n ayuda porque son fondos externos que parec\u00edan que se ten\u00edan que abonar r\u00e1pidamente. Si lo sumamos a la aprobaci\u00f3n de la Ley Bases en el Senado,&nbsp;<strong>la situaci\u00f3n del Gobierno mejora en relaci\u00f3n a la posibilidad de tener financiamiento externo<\/strong>.&nbsp;<\/p>\n\n\n\n<p>Por un lado, facilita la cuesti\u00f3n de la miner\u00eda con inversiones que pueden ser importantes y, por otro lado, al verse desde afuera que el Gobierno tiene margen para reestructurar una deuda con China y lograr una ley de dif\u00edcil sanci\u00f3n,&nbsp;<strong>empieza a generar una corriente de gobernabilidad que tambi\u00e9n es importante a la hora de que los inversores decidan traer sus fondos a la Argentina<\/strong>. Puede ser que, a partir de ahora, comience una situaci\u00f3n donde aparezca mayor estabilidad, mayor posibilidad de gobernabilidad y, en funci\u00f3n de eso, generar condiciones de grandes inversiones.&nbsp;<\/p>\n\n\n\n<p>Respecto a las inversiones m\u00e1s peque\u00f1as, por ahora no van a existir porque la poblaci\u00f3n no tiene capacidad de compra y\u00a0<strong>hay una capacidad ociosa instalada muy alta<\/strong>, dos factores que siempre se tienen en cuenta para determinar si puede haber reactivaci\u00f3n o no.<\/p>\n\n\n\n<p><em>Fernando Mea\u00f1os<\/em><strong>: Teniendo en cuenta que Milei recibi\u00f3 una econom\u00eda en recesi\u00f3n, reservas netas negativas y no ten\u00eda acceso al cr\u00e9dito, \u00bfhab\u00eda alguna alternativa al ajuste fiscal para poder frenar la inflaci\u00f3n?<\/strong><\/p>\n\n\n\n<p>Siempre hay alternativas en pol\u00edtica econ\u00f3mica. Creo que la herencia que recibi\u00f3&nbsp;<a target=\"_blank\" href=\"https:\/\/www.perfil.com\/noticias\/opinion\/milei-dice-que-el-hambre-puede-esperar.phtml\" rel=\"noreferrer noopener\">Javier Milei<\/a>&nbsp;fue muy mala, lo he dicho durante el gobierno de&nbsp;<strong>Alberto Fern\u00e1ndez<\/strong>, su pol\u00edtica econ\u00f3mica no fue buena,&nbsp;<strong>el Banco Central se qued\u00f3 sin reservas a pesar de haber tenido super\u00e1vit comercial externo pr\u00e1cticamente los 4 a\u00f1os<\/strong>. Todos esos fondos, en vez de ir a las reservas del&nbsp;<a target=\"_blank\" href=\"https:\/\/www.perfil.com\/noticias\/economia\/el-bcra-volvio-a-vender-divisas-extiende-la-racha-negativa-y-alerta-a-los-economistas.phtml\" rel=\"noreferrer noopener\">Banco Central<\/a>, fueron a pagar deudas financieras del sector privado.&nbsp;<\/p>\n\n\n\n<p>As\u00ed mismo, debo reconocer que&nbsp;<strong>Milei contaba con un nivel de desempleo muy bajo y un aparato productivo intacto, ocupado, moderno y que no estaba golpeado por cierre de f\u00e1bricas o falta de inversi\u00f3n<\/strong>. Esos eran los activos que ten\u00eda la econom\u00eda al finalizar el gobierno de Alberto Fern\u00e1ndez. Hoy por hoy, el Gobierno tiene que mantener esos activos y me parece que no es lo que est\u00e1 haciendo.&nbsp;<\/p>\n\n\n\n<p>Ojal\u00e1, tal como se dec\u00eda anoche, empiece de nuevo la obra p\u00fablica. Ser\u00eda una manera de reactivar la econom\u00eda.&nbsp;<strong>Si se cambian las decisiones que se tomaron, es una manera de que la econom\u00eda vuelva a funcionar<\/strong>, al menos en este aspecto de la inversi\u00f3n. Respecto a si se pod\u00eda hacer otra cosa, creo que&nbsp;<strong>no era necesario hacer una devaluaci\u00f3n tan abrupta<\/strong>, hoy estamos con una brecha cambiaria casi igual a la que tuvo el gobierno de Alberto Fern\u00e1ndez en gran parte de su mandato, tampoco est\u00e1 claro qu\u00e9 pas\u00f3 con la falta de pagos de algunos rubros que est\u00e1n parados como la&nbsp;<a target=\"_blank\" href=\"https:\/\/www.perfil.com\/noticias\/cordoba\/cumbre-llaryora-francos-la-ruta-19-la-terminara-la-provincia-y-la-nacion-continuara-las-obras-en-rio-cuarto-y-villa-maria.phtml\" rel=\"noreferrer noopener\">obra p\u00fablica<\/a>, transferencias a provincias y fondos para la educaci\u00f3n.&nbsp;<\/p>\n\n\n\n<p>El ajuste se basa en eso,&nbsp;<strong>el ordenamiento fiscal tiene que existir, en la gesti\u00f3n kirchnerista sucedi\u00f3 durante 6 a\u00f1os<\/strong>. Sin equilibrio fiscal, con este nivel de endeudamiento, es muy dif\u00edcil garantizar los fondos necesarios para hacer frente a los vencimientos y a los compromisos. Hay muchas formas de lograr el equilibrio fiscal,&nbsp;<strong>la que eligi\u00f3 Milei es muy atentatoria contra la calidad y la forma de vida de muchos argentinos<\/strong>. Basta con ver la cuesti\u00f3n de las jubilaciones, los medicamentos y los alimentos. Entiendo que en el peronismo estas cosas no se hicieron.&nbsp;<\/p>\n","protected":false},"excerpt":{"rendered":"<p>La exministra de Econom\u00eda y Producci\u00f3n opina que la Ley Bases y la renegociaci\u00f3n del&#8230;<\/p>\n","protected":false},"author":4,"featured_media":0,"comment_status":"open","ping_status":"open","sticky":false,"template":"","format":"standard","meta":{"footnotes":""},"categories":[1],"tags":[],"class_list":["post-660","post","type-post","status-publish","format-standard","hentry","category-uncategorized"],"_links":{"self":[{"href":"https:\/\/radiola25.com.ar\/index.php\/wp-json\/wp\/v2\/posts\/660","targetHints":{"allow":["GET"]}}],"collection":[{"href":"https:\/\/radiola25.com.ar\/index.php\/wp-json\/wp\/v2\/posts"}],"about":[{"href":"https:\/\/radiola25.com.ar\/index.php\/wp-json\/wp\/v2\/types\/post"}],"author":[{"embeddable":true,"href":"https:\/\/radiola25.com.ar\/index.php\/wp-json\/wp\/v2\/users\/4"}],"replies":[{"embeddable":true,"href":"https:\/\/radiola25.com.ar\/index.php\/wp-json\/wp\/v2\/comments?post=660"}],"version-history":[{"count":1,"href":"https:\/\/radiola25.com.ar\/index.php\/wp-json\/wp\/v2\/posts\/660\/revisions"}],"predecessor-version":[{"id":662,"href":"https:\/\/radiola25.com.ar\/index.php\/wp-json\/wp\/v2\/posts\/660\/revisions\/662"}],"wp:attachment":[{"href":"https:\/\/radiola25.com.ar\/index.php\/wp-json\/wp\/v2\/media?parent=660"}],"wp:term":[{"taxonomy":"category","embeddable":true,"href":"https:\/\/radiola25.com.ar\/index.php\/wp-json\/wp\/v2\/categories?post=660"},{"taxonomy":"post_tag","embeddable":true,"href":"https:\/\/radiola25.com.ar\/index.php\/wp-json\/wp\/v2\/tags?post=660"}],"curies":[{"name":"wp","href":"https:\/\/api.w.org\/{rel}","templated":true}]}}