{"id":644,"date":"2024-06-05T18:46:17","date_gmt":"2024-06-05T21:46:17","guid":{"rendered":"https:\/\/radiola25.com.ar\/?p=644"},"modified":"2024-06-05T18:47:06","modified_gmt":"2024-06-05T21:47:06","slug":"rusia-medvedev-advierte-a-occidente-de-un-fatal-error","status":"publish","type":"post","link":"https:\/\/radiola25.com.ar\/index.php\/2024\/06\/05\/rusia-medvedev-advierte-a-occidente-de-un-fatal-error\/","title":{"rendered":"Rusia. Medv\u00e9dev advierte a Occidente de un \u201cfatal error\u201d"},"content":{"rendered":"\n<figure class=\"wp-block-image size-large\"><img loading=\"lazy\" decoding=\"async\" width=\"1024\" height=\"577\" src=\"https:\/\/radiola25.com.ar\/wp-content\/uploads\/2024\/06\/image-4-1024x577.png\" alt=\"\" class=\"wp-image-645\" srcset=\"https:\/\/radiola25.com.ar\/wp-content\/uploads\/2024\/06\/image-4-1024x577.png 1024w, https:\/\/radiola25.com.ar\/wp-content\/uploads\/2024\/06\/image-4-300x169.png 300w, https:\/\/radiola25.com.ar\/wp-content\/uploads\/2024\/06\/image-4-768x433.png 768w, https:\/\/radiola25.com.ar\/wp-content\/uploads\/2024\/06\/image-4.png 1104w\" sizes=\"auto, (max-width: 1024px) 100vw, 1024px\" \/><\/figure>\n\n\n\n<p><strong>El expresidente ruso asegura que \u201cel actual conflicto militar\u201d entre Mosc\u00fa y los pa\u00edses occidentales avanza \u201cpor el peor escenario\u201d.<\/strong><\/p>\n\n\n\n<p>El expresidente y actual vicepresidente del Consejo de Seguridad de Rusia, Dmitri Medv\u00e9dev,&nbsp;ha se\u00f1alado este viernes que los pa\u00edses que han&nbsp;dado permiso a Kiev para utilizar sus armas contra el territorio ruso deben entender que Mosc\u00fa no dejar\u00e1 tal decisi\u00f3n sin respuesta.<\/p>\n\n\n\n<p>\u201c<strong>Todo su equipo militar y especialistas que luchan contra nosotros<\/strong>\u201d&nbsp;<strong>ser\u00e1n eliminados tanto dentro de Ucrania como dentro de otros pa\u00edses<\/strong>&nbsp;desde los que se lleven a cabo los ataques contra Rusia,&nbsp;<a href=\"https:\/\/t.me\/medvedev_telegram\/499\" target=\"_blank\" rel=\"noreferrer noopener\">escribi\u00f3<\/a>&nbsp;Medv\u00e9dev en su canal de Telegram.<\/p>\n\n\n\n<h3 class=\"wp-block-heading\">\u201cUna seria escalada del conflicto\u201d<\/h3>\n\n\n\n<p>El alto funcionario agreg\u00f3 que&nbsp;Mosc\u00fa parte del hecho de que todas las armas de largo alcance suministradas a Kiev est\u00e1n \u201c<strong>controladas directamente por personal militar de los pa\u00edses de la OTAN<\/strong>\u201c. \u201cNo se trata de ninguna \u2018ayuda militar\u2019, sino de la participaci\u00f3n en una guerra contra nosotros\u201d, asever\u00f3.&nbsp;<\/p>\n\n\n\n<p>En este contexto, Medv\u00e9dev afirm\u00f3 que si la OTAN opta por interferir en las hostilidades, \u201cya sea&nbsp;guiando sus misiles de crucero de largo alcance o&nbsp;enviando&nbsp;un contingente de tropas a Ucrania\u201d&nbsp;habr\u00e1 \u201cuna seria escalada del conflicto\u201d.<\/p>\n\n\n\n<p>Kiev y sus aliados de la OTAN \u201c<strong>recibir\u00e1n una respuesta de tal fuerza destructiva que la Alianza simplemente no podr\u00e1&nbsp; evitar verse involucrada en el conflicto<\/strong>\u201c, sostuvo.<\/p>\n\n\n\n<h3 class=\"wp-block-heading\">\u201cUn fatal error\u201d<\/h3>\n\n\n\n<p>Asimismo, Medv\u00e9dev advirti\u00f3 a los pa\u00edses occidentales sobre un posible \u201cfatal error\u201d si esperan que Mosc\u00fa nunca use armas nucleares t\u00e1cticas&nbsp;en caso de ser necesario. \u201cHace unos a\u00f1os,&nbsp;dec\u00edan&nbsp;que Rusia no entrar\u00e1 en un conflicto militar abierto con el r\u00e9gimen de Bandera para no pelearse con Occidente. Calcularon mal. Hay una guerra en marcha\u201d, record\u00f3.<\/p>\n\n\n\n<p>\u201c<strong>Tambi\u00e9n pueden calcular mal en cuanto al uso de armas nucleares t\u00e1cticas. Aunque esto ser\u00eda un error fatal<\/strong>\u201c, destac\u00f3 el alto funcionario, agregando que \u201clos pa\u00edses europeos tienen una densidad de poblaci\u00f3n muy alta\u201d. \u201cY para aquellos pa\u00edses enemigos cuyas tierras est\u00e1n m\u00e1s all\u00e1 del \u00e1rea de cobertura de las armas nucleares t\u00e1cticas, existe finalmente un potencial estrat\u00e9gico\u201d, declar\u00f3.<\/p>\n\n\n\n<p>Medv\u00e9dev afirm\u00f3 que&nbsp;\u201cel actual conflicto militar\u201d entre Mosc\u00fa y&nbsp;Occidente&nbsp;avanza \u201c<strong>por el peor escenario<\/strong>\u201c. \u201cSe produce un aumento constante de la&nbsp;potencia de las armas utilizadas de la OTAN. Por lo tanto,&nbsp;<strong>nadie puede descartar que el conflicto pase hoy en d\u00eda a su fase final<\/strong>\u201c, concluy\u00f3.<\/p>\n\n\n\n<p>Fuente: RT.<\/p>\n","protected":false},"excerpt":{"rendered":"<p>El expresidente ruso asegura que \u201cel actual conflicto militar\u201d entre Mosc\u00fa y los pa\u00edses occidentales&#8230;<\/p>\n","protected":false},"author":4,"featured_media":645,"comment_status":"open","ping_status":"open","sticky":false,"template":"","format":"standard","meta":{"footnotes":""},"categories":[1],"tags":[],"class_list":["post-644","post","type-post","status-publish","format-standard","has-post-thumbnail","hentry","category-uncategorized"],"_links":{"self":[{"href":"https:\/\/radiola25.com.ar\/index.php\/wp-json\/wp\/v2\/posts\/644","targetHints":{"allow":["GET"]}}],"collection":[{"href":"https:\/\/radiola25.com.ar\/index.php\/wp-json\/wp\/v2\/posts"}],"about":[{"href":"https:\/\/radiola25.com.ar\/index.php\/wp-json\/wp\/v2\/types\/post"}],"author":[{"embeddable":true,"href":"https:\/\/radiola25.com.ar\/index.php\/wp-json\/wp\/v2\/users\/4"}],"replies":[{"embeddable":true,"href":"https:\/\/radiola25.com.ar\/index.php\/wp-json\/wp\/v2\/comments?post=644"}],"version-history":[{"count":1,"href":"https:\/\/radiola25.com.ar\/index.php\/wp-json\/wp\/v2\/posts\/644\/revisions"}],"predecessor-version":[{"id":646,"href":"https:\/\/radiola25.com.ar\/index.php\/wp-json\/wp\/v2\/posts\/644\/revisions\/646"}],"wp:featuredmedia":[{"embeddable":true,"href":"https:\/\/radiola25.com.ar\/index.php\/wp-json\/wp\/v2\/media\/645"}],"wp:attachment":[{"href":"https:\/\/radiola25.com.ar\/index.php\/wp-json\/wp\/v2\/media?parent=644"}],"wp:term":[{"taxonomy":"category","embeddable":true,"href":"https:\/\/radiola25.com.ar\/index.php\/wp-json\/wp\/v2\/categories?post=644"},{"taxonomy":"post_tag","embeddable":true,"href":"https:\/\/radiola25.com.ar\/index.php\/wp-json\/wp\/v2\/tags?post=644"}],"curies":[{"name":"wp","href":"https:\/\/api.w.org\/{rel}","templated":true}]}}