{"id":640,"date":"2024-06-05T18:38:41","date_gmt":"2024-06-05T21:38:41","guid":{"rendered":"https:\/\/radiola25.com.ar\/?p=640"},"modified":"2024-06-05T18:38:42","modified_gmt":"2024-06-05T21:38:42","slug":"africa-lo-que-hay-que-saber-sobre-la-revolucion-panafricana","status":"publish","type":"post","link":"https:\/\/radiola25.com.ar\/index.php\/2024\/06\/05\/africa-lo-que-hay-que-saber-sobre-la-revolucion-panafricana\/","title":{"rendered":"\u00c1frica. Lo que hay que saber sobre la revoluci\u00f3n panafricana"},"content":{"rendered":"\n<figure class=\"wp-block-image size-full\"><img loading=\"lazy\" decoding=\"async\" width=\"720\" height=\"480\" src=\"https:\/\/radiola25.com.ar\/wp-content\/uploads\/2024\/06\/image-2.png\" alt=\"\" class=\"wp-image-641\" srcset=\"https:\/\/radiola25.com.ar\/wp-content\/uploads\/2024\/06\/image-2.png 720w, https:\/\/radiola25.com.ar\/wp-content\/uploads\/2024\/06\/image-2-300x200.png 300w\" sizes=\"auto, (max-width: 720px) 100vw, 720px\" \/><\/figure>\n\n\n\n<p>Por Laura Ortiz, Resumen Latinoamericano, 4 de junio de 2024.<\/p>\n\n\n\n<p><strong>Laura ORTIZ: A finales de julio de 2023 se produjo un levantamiento en N\u00edger que desemboc\u00f3 en la entrada de un nuevo gobierno. El t\u00edtulo de su libro plantea la cuesti\u00f3n de si se trat\u00f3 de un golpe de Estado. \u00bfA qu\u00e9 se debe?<\/strong><\/p>\n\n\n\n<p><strong>Alex ANFRUNS:\u00a0<\/strong>La raz\u00f3n por la que escrib\u00ed este libro fue explicar otra versi\u00f3n de los hechos, ya que la narrativa dominante era inequ\u00edvoca: un grupo de soldados tom\u00f3 el poder de forma inconstitucional y secuestr\u00f3 al Presidente Bazoum. Esta narrativa se utiliz\u00f3 incluso para justificar una intervenci\u00f3n militar que habr\u00eda tenido consecuencias catastr\u00f3ficas. Detener una nueva guerra proponiendo un an\u00e1lisis alternativo merece todos los esfuerzos.<\/p>\n\n\n\n<figure class=\"wp-block-image size-full\"><img loading=\"lazy\" decoding=\"async\" width=\"345\" height=\"526\" src=\"https:\/\/radiola25.com.ar\/wp-content\/uploads\/2024\/06\/image-3.png\" alt=\"\" class=\"wp-image-642\" srcset=\"https:\/\/radiola25.com.ar\/wp-content\/uploads\/2024\/06\/image-3.png 345w, https:\/\/radiola25.com.ar\/wp-content\/uploads\/2024\/06\/image-3-197x300.png 197w\" sizes=\"auto, (max-width: 345px) 100vw, 345px\" \/><\/figure>\n\n\n\n<p>Por tanto, era necesario investigar los hechos que no se ajustaban a esta explicaci\u00f3n simplista. \u00bfC\u00f3mo se explica el rechazo del pueblo nigerino a Bazoum y el claro apoyo popular al Consejo de Salvaguarda de la Patria (CNSP)? Empec\u00e9 entonces a buscar las razones del golpe bas\u00e1ndome en dos hip\u00f3tesis. El primer punto ciego era que N\u00edger era el cuarto pa\u00eds de la regi\u00f3n en sufrir una transici\u00f3n hacia un gobierno militar. Hab\u00eda que escuchar las voces africanas que hab\u00edan identificado esta evoluci\u00f3n desde la guerra de la OTAN contra Libia en 2011. El segundo punto ciego es el impacto social de las pol\u00edticas de Bazoum. El libro contiene dos cap\u00edtulos que analizan todo esto.<\/p>\n\n\n\n<p><strong>\u00bfCu\u00e1l es el momento hist\u00f3rico de N\u00edger? \u00bfQu\u00e9 papel sigue desempe\u00f1ando Francia?<\/strong><\/p>\n\n\n\n<p>Este es sin duda el momento m\u00e1s importante para N\u00edger desde su independencia en 1960. Es esencial remontarse al periodo de las independencias africanas en esa d\u00e9cada para identificar qu\u00e9 sali\u00f3 mal y por qu\u00e9. S\u00f3lo as\u00ed se podr\u00e1 valorar el actual rechazo de la juventud africana a los mecanismos neocoloniales que impusieron la \u00abindependencia nominal\u00bb. Las independencias fueron dependientes e incluso subyugadas en \u00e1mbitos como la defensa o la libertad para establecer otros socios comerciales. Mi libro contiene informaci\u00f3n vital y poco conocida sobre este proceso.<\/p>\n\n\n\n<p>Es imposible formarse una opini\u00f3n sin un m\u00ednimo conocimiento de la historia, y el continente africano es a\u00fan menos comprensible sin tener en cuenta la historia de sus materias primas. Una transnacional francesa tuvo el monopolio de la extracci\u00f3n de uranio en N\u00edger desde 1971 hasta hace muy poco. Francia tambi\u00e9n ha estado presente en otros sectores econ\u00f3micos, como la distribuci\u00f3n de agua potable, la gesti\u00f3n aduanera y el transporte de mercanc\u00edas. \u00bfY nos quieren hacer creer que la guerra [contra N\u00edger] era necesaria para restablecer la democracia? \u00bfQu\u00e9 tipo de democracia fue posible gracias a las bombas? \u00bfY qu\u00e9 democracia es N\u00edger, cuarto exportador mundial de uranio, pero cuya poblaci\u00f3n sufre una pobreza extrema que alcanza el 42%? Ante las amenazas de guerra de Macron, el pueblo de N\u00edger, con el apoyo del CNSP, se moviliz\u00f3 para obtener la salida de las tropas francesas y el cierre de su base militar.<\/p>\n\n\n\n<p><strong>\u00bfCu\u00e1l es hoy el potencial de N\u00edger en \u00c1frica?<\/strong><\/p>\n\n\n\n<p>El golpe de Estado aclar\u00f3 qu\u00e9 pa\u00edses estaban del lado de la soberan\u00eda de N\u00edger y qu\u00e9 otros quer\u00edan simplemente seguir explotando sus recursos del subsuelo. Un momento clave fue la solidaridad panafricana expresada por Mal\u00ed y Burkina Faso, pa\u00edses vecinos del Sahel sin salida al oc\u00e9ano, cuyos dirigentes hablan un lenguaje revolucionario porque han vivido desaf\u00edos similares, como las sanciones de las instituciones regionales e internacionales. Con el pretexto de defender la democracia, los dirigentes occidentales han hecho sufrir a\u00fan m\u00e1s a estos pueblos, que resisten al terrorismo desde hace m\u00e1s de una d\u00e9cada. Por eso N\u00edger, Mal\u00ed y Burkina Faso han creado la Alianza de Estados del Sahel. No dudo en llamarla \u00abla vanguardia de la revoluci\u00f3n panafricana\u00bb.<\/p>\n\n\n\n<p>Y dentro de esta alianza, N\u00edger desempe\u00f1a ya un papel de primer orden en la estrategia de cooperaci\u00f3n regional, sobre todo en materia de energ\u00eda gracias a sus exportaciones de carburantes, que abastecer\u00e1n las centrales el\u00e9ctricas de los pa\u00edses vecinos. La falta de acceso a la electricidad no es producto del destino de \u00c1frica Occidental, sino de planes contrarios al desarrollo, en los que se ha frenado la industrializaci\u00f3n y se ha favorecido el desmantelamiento de las empresas p\u00fablicas, y en los que se ha seguido saqueando la riqueza nacional sin que el pueblo se beneficie.<\/p>\n\n\n\n<p>Desde ya, N\u00edger se est\u00e1 ganando el respeto al expulsar a dos grandes ej\u00e9rcitos, los de Francia y Estados Unidos. Adem\u00e1s, su potencial se refleja en los anuncios de crecimiento econ\u00f3mico del FMI, en sus esfuerzos por frenar la corrupci\u00f3n de cierta clase social y, sobre todo, en su lucha por la descolonizaci\u00f3n cultural y econ\u00f3mica a medio y largo plazo.<\/p>\n","protected":false},"excerpt":{"rendered":"<p>Por Laura Ortiz, Resumen Latinoamericano, 4 de junio de 2024. Laura ORTIZ: A finales de&#8230;<\/p>\n","protected":false},"author":4,"featured_media":0,"comment_status":"open","ping_status":"open","sticky":false,"template":"","format":"standard","meta":{"footnotes":""},"categories":[1],"tags":[],"class_list":["post-640","post","type-post","status-publish","format-standard","hentry","category-uncategorized"],"_links":{"self":[{"href":"https:\/\/radiola25.com.ar\/index.php\/wp-json\/wp\/v2\/posts\/640","targetHints":{"allow":["GET"]}}],"collection":[{"href":"https:\/\/radiola25.com.ar\/index.php\/wp-json\/wp\/v2\/posts"}],"about":[{"href":"https:\/\/radiola25.com.ar\/index.php\/wp-json\/wp\/v2\/types\/post"}],"author":[{"embeddable":true,"href":"https:\/\/radiola25.com.ar\/index.php\/wp-json\/wp\/v2\/users\/4"}],"replies":[{"embeddable":true,"href":"https:\/\/radiola25.com.ar\/index.php\/wp-json\/wp\/v2\/comments?post=640"}],"version-history":[{"count":1,"href":"https:\/\/radiola25.com.ar\/index.php\/wp-json\/wp\/v2\/posts\/640\/revisions"}],"predecessor-version":[{"id":643,"href":"https:\/\/radiola25.com.ar\/index.php\/wp-json\/wp\/v2\/posts\/640\/revisions\/643"}],"wp:attachment":[{"href":"https:\/\/radiola25.com.ar\/index.php\/wp-json\/wp\/v2\/media?parent=640"}],"wp:term":[{"taxonomy":"category","embeddable":true,"href":"https:\/\/radiola25.com.ar\/index.php\/wp-json\/wp\/v2\/categories?post=640"},{"taxonomy":"post_tag","embeddable":true,"href":"https:\/\/radiola25.com.ar\/index.php\/wp-json\/wp\/v2\/tags?post=640"}],"curies":[{"name":"wp","href":"https:\/\/api.w.org\/{rel}","templated":true}]}}