{"id":619,"date":"2024-05-30T13:02:42","date_gmt":"2024-05-30T16:02:42","guid":{"rendered":"https:\/\/radiola25.com.ar\/?p=619"},"modified":"2024-05-30T13:02:42","modified_gmt":"2024-05-30T16:02:42","slug":"rusia-advierte-de-la-senal-nuclear-que-suponen-los-f-16-de-la-otan","status":"publish","type":"post","link":"https:\/\/radiola25.com.ar\/index.php\/2024\/05\/30\/rusia-advierte-de-la-senal-nuclear-que-suponen-los-f-16-de-la-otan\/","title":{"rendered":"Rusia advierte de la &#8220;se\u00f1al nuclear&#8221; que suponen los F-16 de la OTAN"},"content":{"rendered":"\n<p><span style=\"color: rgb(24, 25, 26); font-family: NotoSans, Tahoma, Arial, Verdana, sans-serif; font-size: 20.6719px; font-weight: 700; white-space-collapse: collapse;\">El ministro de Exteriores ruso destac\u00f3 que estos aviones no cambiar\u00e1n la situaci\u00f3n en el campo de batalla y &#8220;ser\u00e1n destruidos como otros tipos de armas suministradas por pa\u00edses de la OTAN a Ucrania&#8221;.<\/span><\/p>\n\n\n\n<p>Mosc\u00fa percibir\u00e1 el suministro de cazas F-16 a las Fuerzas Armadas de Ucrania como una se\u00f1al &#8220;deliberada&#8221; por parte de la OTAN en el \u00e1mbito nuclear, declar\u00f3 el ministro de Asuntos Exteriores ruso, Sergu\u00e9i Lavrov, durante una&nbsp;<a href=\"https:\/\/ria.ru\/20240530\/lavrov-1949263403.html\" target=\"_blank\" rel=\"noreferrer noopener\">entrevista<\/a>&nbsp;con la agencia RIA Novosti publicada este jueves.<\/p>\n\n\n\n<p>El canciller ruso indic\u00f3 que la entrega de armas &#8220;cada vez m\u00e1s destructivas&#8221; a Kiev &#8220;muestra&nbsp;<strong>el desinter\u00e9s de Occidente por el fin del conflicto<\/strong>&#8220;.<\/p>\n\n\n\n<p>En su opini\u00f3n, los cazas F-16 no cambiar\u00e1n la situaci\u00f3n en el campo de batalla. &#8220;Estos aviones ser\u00e1n destruidos como otros tipos de armas suministradas por pa\u00edses de la OTAN a Ucrania&#8221;, advirti\u00f3.<\/p>\n\n\n\n<figure class=\"wp-block-image\"><img decoding=\"async\" src=\"https:\/\/mf.b37mrtl.ru\/actualidad\/public_images\/2024.05\/thumbnail\/6649722c59bf5b4774633985.jpg\" alt=\"Zelenski: Los primeros F-16 no jugar\u00e1n un papel clave en el frente\"\/><\/figure>\n\n\n\n<p><a href=\"https:\/\/actualidad.rt.com\/actualidad\/509805-zelenski-primeros-f-16-no-jugar-papel\">Zelenski: Los primeros F-16 no jugar\u00e1n un papel clave en el frente<\/a><\/p>\n\n\n\n<p>En ese contexto, Lavrov record\u00f3 que los F-16 fueron durante mucho tiempo &#8220;<strong>el principal medio de transporte en el marco de las denominadas misiones nucleares conjuntas de la OTAN<\/strong>&#8220;.<\/p>\n\n\n\n<p>&#8220;Por lo tanto, no podemos sino considerar la entrega de estos sistemas al r\u00e9gimen de Kiev como una acci\u00f3n deliberada de se\u00f1alizaci\u00f3n por parte de la OTAN en el \u00e1mbito nuclear. Intentan darnos a entender que&nbsp;<strong>EE.UU.&nbsp;y la OTAN est\u00e1n dispuestos a [hacer] literalmente cualquier cosa en Ucrania<\/strong>&#8220;, afirm\u00f3.<\/p>\n\n\n\n<p>Al mismo tiempo, el ministro expres\u00f3 la esperanza de que los ejercicios de uso de armas nucleares no estrat\u00e9gicas que Rusia y Bielorrusia celebran estos d\u00edas &#8220;har\u00e1n entrar en raz\u00f3n a nuestros oponentes record\u00e1ndoles las consecuencias catastr\u00f3ficas de seguir ascendiendo por la escalera de la escalada nuclear&#8221;.<\/p>\n","protected":false},"excerpt":{"rendered":"<p>El ministro de Exteriores ruso destac\u00f3 que estos aviones no cambiar\u00e1n la situaci\u00f3n en el&#8230;<\/p>\n","protected":false},"author":4,"featured_media":0,"comment_status":"open","ping_status":"open","sticky":false,"template":"","format":"standard","meta":{"footnotes":""},"categories":[1],"tags":[],"class_list":["post-619","post","type-post","status-publish","format-standard","hentry","category-uncategorized"],"_links":{"self":[{"href":"https:\/\/radiola25.com.ar\/index.php\/wp-json\/wp\/v2\/posts\/619","targetHints":{"allow":["GET"]}}],"collection":[{"href":"https:\/\/radiola25.com.ar\/index.php\/wp-json\/wp\/v2\/posts"}],"about":[{"href":"https:\/\/radiola25.com.ar\/index.php\/wp-json\/wp\/v2\/types\/post"}],"author":[{"embeddable":true,"href":"https:\/\/radiola25.com.ar\/index.php\/wp-json\/wp\/v2\/users\/4"}],"replies":[{"embeddable":true,"href":"https:\/\/radiola25.com.ar\/index.php\/wp-json\/wp\/v2\/comments?post=619"}],"version-history":[{"count":1,"href":"https:\/\/radiola25.com.ar\/index.php\/wp-json\/wp\/v2\/posts\/619\/revisions"}],"predecessor-version":[{"id":620,"href":"https:\/\/radiola25.com.ar\/index.php\/wp-json\/wp\/v2\/posts\/619\/revisions\/620"}],"wp:attachment":[{"href":"https:\/\/radiola25.com.ar\/index.php\/wp-json\/wp\/v2\/media?parent=619"}],"wp:term":[{"taxonomy":"category","embeddable":true,"href":"https:\/\/radiola25.com.ar\/index.php\/wp-json\/wp\/v2\/categories?post=619"},{"taxonomy":"post_tag","embeddable":true,"href":"https:\/\/radiola25.com.ar\/index.php\/wp-json\/wp\/v2\/tags?post=619"}],"curies":[{"name":"wp","href":"https:\/\/api.w.org\/{rel}","templated":true}]}}