{"id":583,"date":"2024-04-08T10:28:38","date_gmt":"2024-04-08T13:28:38","guid":{"rendered":"https:\/\/radiola25.com.ar\/?p=583"},"modified":"2024-04-08T10:28:38","modified_gmt":"2024-04-08T13:28:38","slug":"fetraes-denuncio-un-ataque-y-persecucion-a-las-cooperativas-de-trabajo","status":"publish","type":"post","link":"https:\/\/radiola25.com.ar\/index.php\/2024\/04\/08\/fetraes-denuncio-un-ataque-y-persecucion-a-las-cooperativas-de-trabajo\/","title":{"rendered":"FeTraES denunci\u00f3 un ataque y persecuci\u00f3n a las Cooperativas de Trabajo"},"content":{"rendered":"\n<figure class=\"wp-block-image size-full\"><img loading=\"lazy\" decoding=\"async\" width=\"720\" height=\"480\" src=\"https:\/\/radiola25.com.ar\/wp-content\/uploads\/2024\/04\/image-7.png\" alt=\"\" class=\"wp-image-584\" srcset=\"https:\/\/radiola25.com.ar\/wp-content\/uploads\/2024\/04\/image-7.png 720w, https:\/\/radiola25.com.ar\/wp-content\/uploads\/2024\/04\/image-7-300x200.png 300w\" sizes=\"auto, (max-width: 720px) 100vw, 720px\" \/><\/figure>\n\n\n\n<p>Mediante un comunicado que difundieron en sus redes oficiales, FeTraES sostuvo que \u201cSe trata de acciones que no pueden ser consideradas de modo aislado y que forman parte de una clara pol\u00edtica de destrucci\u00f3n del Estado y de castigo a los sectores m\u00e1s postergados y sus representaciones.\u201d<\/p>\n\n\n\n<p>El abogado&nbsp;de FeTraES, Luis Palmeiro, a su vez dijo que:&nbsp;<\/p>\n\n\n\n<p>&#8220;En la ma\u00f1ana del 3 de Abril el Gobierno Nacional public\u00f3 en el Bolet\u00edn Oficial las Resoluciones Nros. 878 y 879 de 2024. Ambas medidas tienen como fin \u00faltimo la persecuci\u00f3n a las y los trabajadores que se organizan en Cooperativas, muchos de los cuales son Empresas Recuperadas por sus trabajadores. Estas resoluciones van de la mano con las medidas destructivas que Milei viene llevando a cabo desde su asunci\u00f3n. En las nuevas Resoluciones establecen fechas de car\u00e1cter perentorio muy acotadas, bajo apercibimiento de dejar Cooperativas sin funcionamiento. Adem\u00e1s, suspenden matr\u00edculas directamente y realizan sumarios a m\u00e1s de 7000 entidades y mutuales. Esta embestida responde a una actitud polic\u00edaca por parte del gobierno que utiliza al INAES para perseguir a las Cooperativas, como herramienta de boicot, lejos de realizar un acompa\u00f1amiento y fomento de la organizaci\u00f3n asociativa, que es para lo que el INAES deber\u00eda trabajar.&nbsp;<\/p>\n\n\n\n<p>Fuertes con los d\u00e9biles pero simult\u00e1neamente d\u00e9biles con los poderosos, ya que el d\u00eda de hoy mediante un festival de Resoluciones de la Inspecci\u00f3n General de Justicia (Resol Nros 3, 7 y 10 de 2024) eliminaron controles para todas las sociedades, en especial las constituidas en el extranjero, empresas vinculadas, empresas off shore y aquellas originadas en la inspiraci\u00f3n macrista, Sociedades An\u00f3nimas Simplificadas, todas con objetivos inconfesados destinados a la comisi\u00f3n de delitos de todo calibre en materia de evasi\u00f3n, financiera y de lavado de activos.&nbsp;Atacan a los hombres y mujeres que trabajan mientras facilitan el fortalecimiento de sociedades con inclinaci\u00f3n al negocio il\u00edcito\u201d.<\/p>\n","protected":false},"excerpt":{"rendered":"<p>Mediante un comunicado que difundieron en sus redes oficiales, FeTraES sostuvo que \u201cSe trata de&#8230;<\/p>\n","protected":false},"author":4,"featured_media":0,"comment_status":"open","ping_status":"open","sticky":false,"template":"","format":"standard","meta":{"footnotes":""},"categories":[1],"tags":[],"class_list":["post-583","post","type-post","status-publish","format-standard","hentry","category-uncategorized"],"_links":{"self":[{"href":"https:\/\/radiola25.com.ar\/index.php\/wp-json\/wp\/v2\/posts\/583","targetHints":{"allow":["GET"]}}],"collection":[{"href":"https:\/\/radiola25.com.ar\/index.php\/wp-json\/wp\/v2\/posts"}],"about":[{"href":"https:\/\/radiola25.com.ar\/index.php\/wp-json\/wp\/v2\/types\/post"}],"author":[{"embeddable":true,"href":"https:\/\/radiola25.com.ar\/index.php\/wp-json\/wp\/v2\/users\/4"}],"replies":[{"embeddable":true,"href":"https:\/\/radiola25.com.ar\/index.php\/wp-json\/wp\/v2\/comments?post=583"}],"version-history":[{"count":1,"href":"https:\/\/radiola25.com.ar\/index.php\/wp-json\/wp\/v2\/posts\/583\/revisions"}],"predecessor-version":[{"id":585,"href":"https:\/\/radiola25.com.ar\/index.php\/wp-json\/wp\/v2\/posts\/583\/revisions\/585"}],"wp:attachment":[{"href":"https:\/\/radiola25.com.ar\/index.php\/wp-json\/wp\/v2\/media?parent=583"}],"wp:term":[{"taxonomy":"category","embeddable":true,"href":"https:\/\/radiola25.com.ar\/index.php\/wp-json\/wp\/v2\/categories?post=583"},{"taxonomy":"post_tag","embeddable":true,"href":"https:\/\/radiola25.com.ar\/index.php\/wp-json\/wp\/v2\/tags?post=583"}],"curies":[{"name":"wp","href":"https:\/\/api.w.org\/{rel}","templated":true}]}}