{"id":571,"date":"2024-04-07T12:27:38","date_gmt":"2024-04-07T15:27:38","guid":{"rendered":"https:\/\/radiola25.com.ar\/?p=571"},"modified":"2024-04-07T12:27:39","modified_gmt":"2024-04-07T15:27:39","slug":"nilda-garre-estados-unidos-es-socio-en-la-otan-de-nuestro-invasor-y-no-puede-tener-una-base-militar-aca","status":"publish","type":"post","link":"https:\/\/radiola25.com.ar\/index.php\/2024\/04\/07\/nilda-garre-estados-unidos-es-socio-en-la-otan-de-nuestro-invasor-y-no-puede-tener-una-base-militar-aca\/","title":{"rendered":"Nilda Garr\u00e9: \u00abEstados Unidos es socio en la OTAN de nuestro invasor y no puede tener una base militar ac\u00e1\u00bb"},"content":{"rendered":"\n<h3 class=\"wp-block-heading\">La ex ministra de Defensa expres\u00f3 preocupaci\u00f3n por el anuncio del gobierno de instalar una base militar conjunta con el pa\u00eds norteamericano. Adem\u00e1s, alert\u00f3 por la visita del jefe de la CIA.<\/h3>\n\n\n\n<figure class=\"wp-block-image size-large\"><img loading=\"lazy\" decoding=\"async\" width=\"1024\" height=\"683\" src=\"https:\/\/radiola25.com.ar\/wp-content\/uploads\/2024\/04\/image-3-1024x683.png\" alt=\"\" class=\"wp-image-572\" srcset=\"https:\/\/radiola25.com.ar\/wp-content\/uploads\/2024\/04\/image-3-1024x683.png 1024w, https:\/\/radiola25.com.ar\/wp-content\/uploads\/2024\/04\/image-3-300x200.png 300w, https:\/\/radiola25.com.ar\/wp-content\/uploads\/2024\/04\/image-3-768x512.png 768w, https:\/\/radiola25.com.ar\/wp-content\/uploads\/2024\/04\/image-3.png 1200w\" sizes=\"auto, (max-width: 1024px) 100vw, 1024px\" \/><\/figure>\n\n\n\n<p>La ex ministra de Defensa de la Naci\u00f3n,&nbsp;<strong>Nilda Garr\u00e9<\/strong>, calific\u00f3 de \u00abgrav\u00edsimo\u00bb la construcci\u00f3n conjunta de una base militar con&nbsp;<strong>Estados Unidos<\/strong>, en una&nbsp;<a href=\"https:\/\/www.tiempoar.com.ar\/ta_article\/segui-en-vivo-una-nueva-edicion-de-te-aviso-con-tiempo-5\/\" target=\"_blank\" rel=\"noreferrer noopener\">entrevista con Te aviso con Tiempo<\/a>, el programa radial de&nbsp;<em>Tiempo Argentino<\/em>.<\/p>\n\n\n\n<p>\u00abEs realmente grav\u00edsimo. No encuentro los calificativos adecuados.&nbsp;<strong>Estados Unidos ha empezado a mirar de nuevo a Am\u00e9rica del Sur<\/strong>. Por eso, puso en funcionamiento de nuevo la Cuarta Flota, que estaba inactiva. \u00daltimamente, empez\u00f3 a visitarnos&nbsp;<strong>Laura Richardson, jefa del Comando Sur<\/strong>, que es un verdadero ministerio de relaciones exteriores para Am\u00e9rica del Sur. Ya nos visit\u00f3 tres veces durante el gobierno de Milei\u00bb, explic\u00f3 Garr\u00e9.<\/p>\n\n\n\n<p>Entre las principales advertencias que envi\u00f3 Richardson, \u00abes que \u2018con China, nada\u2019, preocupada por las instalaciones que Chinca tiene en Neuqu\u00e9n,&nbsp;<strong>que son para uso pac\u00edfico, no una base militar<\/strong>\u00ab. Garr\u00e9 alert\u00f3 que \u00abdespu\u00e9s,&nbsp;<strong>vino el jefe de la CIA (Agencia Central de Inteligencia de EUA)<\/strong>,&nbsp;<strong>William Burns<\/strong>, que tampoco es habitual que venga, y ahora corona con una visita de Richardson a Ushuaia\u00bb.<\/p>\n\n\n\n<p>Sobre la visita de Richardson, destac\u00f3 que el gobernador&nbsp;<strong>Gustavo Melella<\/strong>&nbsp;\u00abno quiso recibirla y entonces el presidente de la Rep\u00fablica se traslad\u00f3 a Tierra del Fuego para encabezar el acto con la general Richardson\u00bb.<\/p>\n\n\n\n<p>Garr\u00e9 se explay\u00f3 sobre la importancia estrat\u00e9gica de esa base militar. \u00ab<strong>Cuando fui ministra de Defensa, comenzamos con este proyecto ambicioso de tener un centro naval integrado<\/strong>, que se transformar\u00eda en un centro log\u00edstico, pero adem\u00e1s en el puerto de desarrollo m\u00e1s cercano a la Ant\u00e1rtida, por donde pasar\u00edan todos los a\u00f1os los pa\u00edses con base en la Ant\u00e1rtida\u00bb.<\/p>\n\n\n\n<p>La base \u00ab<strong>tiene una importancia estrat\u00e9gica fundamental&nbsp;<\/strong>porque estamos cerca de la Ant\u00e1rtida y es parte del camino que se debe hacer para cruzar los estrechos que nos separan del Pac\u00edfico y, adem\u00e1s, est\u00e1 muy cerca de las Islas Malvinas\u00bb.<\/p>\n\n\n\n<p>En ese sentido, destac\u00f3: \u00abEs una locura que haya encabezado ese acto a las 12 de la noche, por cadena nacional, para anunciar semejante disparate, de hacer una base en conjunto con los norteamericanos en territorio nacional. Es una cesi\u00f3n de soberan\u00eda absolutamente inaceptable\u00bb.<\/p>\n\n\n\n<p>\u00abUna cosa as\u00ed,&nbsp;<strong>como dice la Constituci\u00f3n, la tiene que definir el Congreso<\/strong>. El Comando Sur no puede estar en ning\u00fan lugar de nuestro pa\u00eds porque es&nbsp;<strong>socio en la OTAN, de nuestro invasor en Malvinas<\/strong>. Pero m\u00e1s que en ning\u00fan otro en Tierra del Fuego, en su zona m\u00e1s estrat\u00e9gica, que nos conecta con Malvinas, Ant\u00e1rtida y el Pac\u00edfico\u00bb, subray\u00f3.<\/p>\n\n\n\n<h2 class=\"wp-block-heading\">Garr\u00e9: \u00abSobreactuar el alineamiento con Estados Unidos puede ser muy peligroso\u00bb<\/h2>\n\n\n\n<p>Garr\u00e9 alert\u00f3 tambi\u00e9n por \u00ablas consecuencias de la invasi\u00f3n ideol\u00f3gica sobre nuestras Fuerzas Armadas, en una cantidad de decisiones diplom\u00e1ticas\u00bb. Por ejemplo, \u00abhace pocos d\u00edas se reuni\u00f3 el Consejo de Derechos Humanos de Naciones Unidas para tratar el tema Palestina y un mont\u00f3n de pa\u00edses votaron a favor del cese del fuego y de varias medidas para atenuar la gravedad del conflicto.&nbsp;<strong>Argentina, Estados Unidos e Israel votaron en contra. Solo cinco votaron en contra. Argentina es un esclavo de la pol\u00edtica internacional de Estados Unidos<\/strong>\u00ab.<\/p>\n\n\n\n<p>\u00ab<strong>Estados Unidos est\u00e1 teniendo una posici\u00f3n muy agresiva a nivel internacional y no podemos alinearnos con eso<\/strong>. Sobreactuar el alineamiento puede ser muy peligroso. Tenemos que ser muy cuidadosos con los pasos que demos, ya que podemos quedar involucrados en conflictos sobre los que no tenemos ning\u00fan inter\u00e9s\u00bb, analiz\u00f3 Garr\u00e9.<\/p>\n\n\n\n<p>Finalmente, plante\u00f3: \u00ab<strong>Estados Unidos est\u00e1 viendo Sudam\u00e9rica como productora de litio, de petr\u00f3leo, de gas, de agua<\/strong>. Cosas que van a necesitar en un futuro. Nosotros tenemos que apuntar a una defensa sudamericana, como tuvimos como Unasur. Pero lo primero que hace Milei es pelearse con Lula\u00bb.<\/p>\n","protected":false},"excerpt":{"rendered":"<p>La ex ministra de Defensa expres\u00f3 preocupaci\u00f3n por el anuncio del gobierno de instalar una&#8230;<\/p>\n","protected":false},"author":4,"featured_media":0,"comment_status":"open","ping_status":"open","sticky":false,"template":"","format":"standard","meta":{"footnotes":""},"categories":[1],"tags":[],"class_list":["post-571","post","type-post","status-publish","format-standard","hentry","category-uncategorized"],"_links":{"self":[{"href":"https:\/\/radiola25.com.ar\/index.php\/wp-json\/wp\/v2\/posts\/571","targetHints":{"allow":["GET"]}}],"collection":[{"href":"https:\/\/radiola25.com.ar\/index.php\/wp-json\/wp\/v2\/posts"}],"about":[{"href":"https:\/\/radiola25.com.ar\/index.php\/wp-json\/wp\/v2\/types\/post"}],"author":[{"embeddable":true,"href":"https:\/\/radiola25.com.ar\/index.php\/wp-json\/wp\/v2\/users\/4"}],"replies":[{"embeddable":true,"href":"https:\/\/radiola25.com.ar\/index.php\/wp-json\/wp\/v2\/comments?post=571"}],"version-history":[{"count":1,"href":"https:\/\/radiola25.com.ar\/index.php\/wp-json\/wp\/v2\/posts\/571\/revisions"}],"predecessor-version":[{"id":573,"href":"https:\/\/radiola25.com.ar\/index.php\/wp-json\/wp\/v2\/posts\/571\/revisions\/573"}],"wp:attachment":[{"href":"https:\/\/radiola25.com.ar\/index.php\/wp-json\/wp\/v2\/media?parent=571"}],"wp:term":[{"taxonomy":"category","embeddable":true,"href":"https:\/\/radiola25.com.ar\/index.php\/wp-json\/wp\/v2\/categories?post=571"},{"taxonomy":"post_tag","embeddable":true,"href":"https:\/\/radiola25.com.ar\/index.php\/wp-json\/wp\/v2\/tags?post=571"}],"curies":[{"name":"wp","href":"https:\/\/api.w.org\/{rel}","templated":true}]}}