{"id":568,"date":"2024-04-07T12:21:24","date_gmt":"2024-04-07T15:21:24","guid":{"rendered":"https:\/\/radiola25.com.ar\/?p=568"},"modified":"2024-04-07T12:21:24","modified_gmt":"2024-04-07T15:21:24","slug":"iran-reafirman-unidad-de-eje-de-resistencia-para-enfrentar-a-israel","status":"publish","type":"post","link":"https:\/\/radiola25.com.ar\/index.php\/2024\/04\/07\/iran-reafirman-unidad-de-eje-de-resistencia-para-enfrentar-a-israel\/","title":{"rendered":"Ir\u00e1n. Reafirman unidad de Eje de Resistencia para enfrentar a \u201cIsrael\u201d"},"content":{"rendered":"\n<p><em>By\u00a0<a href=\"https:\/\/www.resumenlatinoamericano.org\/author\/carlos\/\">Resumen Latinoamericano<\/a>\u00a0on 5 abril, 2024<\/em><\/p>\n\n\n\n<figure class=\"wp-block-image size-full\"><img loading=\"lazy\" decoding=\"async\" width=\"1000\" height=\"666\" src=\"https:\/\/radiola25.com.ar\/wp-content\/uploads\/2024\/04\/image-2.png\" alt=\"\" class=\"wp-image-569\" srcset=\"https:\/\/radiola25.com.ar\/wp-content\/uploads\/2024\/04\/image-2.png 1000w, https:\/\/radiola25.com.ar\/wp-content\/uploads\/2024\/04\/image-2-300x200.png 300w, https:\/\/radiola25.com.ar\/wp-content\/uploads\/2024\/04\/image-2-768x511.png 768w\" sizes=\"auto, (max-width: 1000px) 100vw, 1000px\" \/><\/figure>\n\n\n\n<p>Resumen Medio Oriente, 05 de abril de 2024.<\/p>\n\n\n\n<p>Todos los frentes del Eje de Resistencia est\u00e1n unidos contra el enemigo sionista, y lograremos la victoria, adem\u00e1s de la firmeza y resistencia del pueblo palestino, enfatiz\u00f3 el secretario general del movimiento de la Yihad Isl\u00e1mica, Ziad Al-Nakhaleh, durante su participaci\u00f3n en las actividades del D\u00eda Internacional de Al-Quds (Jerusal\u00e9n) en Teher\u00e1n.<\/p>\n\n\n\n<p>El secretario general del movimiento de la Yihad Isl\u00e1mica, Ziad Al-Nakhaleh,&nbsp;<strong>reafirm\u00f3 la unidad del frente del Eje de la Resistencia desde Ir\u00e1n, L\u00edbano, Irak, Yemen, Siria<\/strong>&nbsp;<strong>y Palestina<\/strong>&nbsp;para enfrentar a \u201cIsrael\u201d.<\/p>\n\n\n\n<p>Durante su participaci\u00f3n en las actividades del D\u00eda Internacional de Al-Quds (Jerusal\u00e9n) en Teher\u00e1n, Al-Nakhaleh declar\u00f3 a&nbsp;<em>Al Mayadeen<\/em>&nbsp;que todos&nbsp;<strong>los frentes est\u00e1n unidos hoy contra el enemigo sionista<\/strong>, y con estos lograremos la victoria, adem\u00e1s de la firmeza y resistencia del pueblo palestino.<\/p>\n\n\n\n<p>Tambi\u00e9n, destac\u00f3 que&nbsp;<strong>la respuesta de Hizbullah en el sur del L\u00edbano y las operaciones de Yemen e Irak confirman la unidad y la fuerza del Eje<\/strong>, y su disposici\u00f3n para luchar contra \u201cIsrael\u201d hasta el m\u00e1ximo.<\/p>\n\n\n\n<p>Desde las primeras horas,&nbsp;<strong>Ir\u00e1n es testigo de marchas por el D\u00eda Internacional de Jerusal\u00e9n<\/strong>, coincidiendo con el \u00faltimo viernes del mes de Ramad\u00e1n y la llegada de los cuerpos de los m\u00e1rtires ca\u00eddos en la agresi\u00f3n israel\u00ed al consulado de la Rep\u00fablica Isl\u00e1mica en Damasco.<\/p>\n\n\n\n<p>M\u00e1s de dos mil lugares en provincias iran\u00edes organizaron manifestaciones y&nbsp;<strong>los participantes acudieron desde mezquitas y plazas principales hacia zonas de oraci\u00f3n del viernes.<\/strong><\/p>\n\n\n\n<p>Con anterioridad,&nbsp;<strong>el presidente de Ir\u00e1n, Ebrahim Raisi, enfatiz\u00f3 que la liberaci\u00f3n de Jerusal\u00e9n es la principal prioridad de la Rep\u00fablica Isl\u00e1mica.<\/strong><\/p>\n\n\n\n<p>Durante el desayuno de este jueves con embajadores extranjeros en la naci\u00f3n,&nbsp;<strong>el mandatario se\u00f1al\u00f3 que la entidad sionista fracas\u00f3 en alcanzar sus objetivos frente a la resistencia<\/strong>&nbsp;que posee nada m\u00e1s que una voluntad de acero.<\/p>\n\n\n\n<p>Palestinos y defensores de la libertad en todo el mundo conmemoran el D\u00eda Internacional de Jerusal\u00e9n el \u00faltimo viernes del mes sagrado de Ramad\u00e1n de cada a\u00f1o&nbsp;<strong>con actos de solidaridad en rechazo a la ocupaci\u00f3n israel\u00ed de Palestina.<\/strong><\/p>\n\n\n\n<p>Este a\u00f1o,&nbsp;<strong>el D\u00eda Internacional de Jerusal\u00e9n sucede en medio de la continua agresi\u00f3n sionista contra la Franja de Gaza desde hace m\u00e1s de 180 d\u00edas.<\/strong><\/p>\n\n\n\n<p>Fuente: Al Mayadeen<\/p>\n","protected":false},"excerpt":{"rendered":"<p>By\u00a0Resumen Latinoamericano\u00a0on 5 abril, 2024 Resumen Medio Oriente, 05 de abril de 2024. Todos los&#8230;<\/p>\n","protected":false},"author":4,"featured_media":0,"comment_status":"open","ping_status":"open","sticky":false,"template":"","format":"standard","meta":{"footnotes":""},"categories":[1],"tags":[],"class_list":["post-568","post","type-post","status-publish","format-standard","hentry","category-uncategorized"],"_links":{"self":[{"href":"https:\/\/radiola25.com.ar\/index.php\/wp-json\/wp\/v2\/posts\/568","targetHints":{"allow":["GET"]}}],"collection":[{"href":"https:\/\/radiola25.com.ar\/index.php\/wp-json\/wp\/v2\/posts"}],"about":[{"href":"https:\/\/radiola25.com.ar\/index.php\/wp-json\/wp\/v2\/types\/post"}],"author":[{"embeddable":true,"href":"https:\/\/radiola25.com.ar\/index.php\/wp-json\/wp\/v2\/users\/4"}],"replies":[{"embeddable":true,"href":"https:\/\/radiola25.com.ar\/index.php\/wp-json\/wp\/v2\/comments?post=568"}],"version-history":[{"count":1,"href":"https:\/\/radiola25.com.ar\/index.php\/wp-json\/wp\/v2\/posts\/568\/revisions"}],"predecessor-version":[{"id":570,"href":"https:\/\/radiola25.com.ar\/index.php\/wp-json\/wp\/v2\/posts\/568\/revisions\/570"}],"wp:attachment":[{"href":"https:\/\/radiola25.com.ar\/index.php\/wp-json\/wp\/v2\/media?parent=568"}],"wp:term":[{"taxonomy":"category","embeddable":true,"href":"https:\/\/radiola25.com.ar\/index.php\/wp-json\/wp\/v2\/categories?post=568"},{"taxonomy":"post_tag","embeddable":true,"href":"https:\/\/radiola25.com.ar\/index.php\/wp-json\/wp\/v2\/tags?post=568"}],"curies":[{"name":"wp","href":"https:\/\/api.w.org\/{rel}","templated":true}]}}