{"id":513,"date":"2024-02-28T15:23:23","date_gmt":"2024-02-28T18:23:23","guid":{"rendered":"https:\/\/radiola25.com.ar\/?p=513"},"modified":"2024-02-28T15:23:23","modified_gmt":"2024-02-28T18:23:23","slug":"el-papa-a-miembros-de-copaju-ser-un-buen-juez-sin-desviar-la-mirada-al-que-sufre","status":"publish","type":"post","link":"https:\/\/radiola25.com.ar\/index.php\/2024\/02\/28\/el-papa-a-miembros-de-copaju-ser-un-buen-juez-sin-desviar-la-mirada-al-que-sufre\/","title":{"rendered":"El Papa a miembros de COPAJU: Ser un buen juez sin desviar la mirada al que sufre"},"content":{"rendered":"\n<p>\u00bfQu\u00e9 justificaci\u00f3n puede tener el poder si se aleja de la construcci\u00f3n de sociedades justas y dignas? \u00bfPuedo ser un buen magistrado mirando hacia el costado frente al sufrimiento del otro? Con estas preguntas, el Papa quiso hacer reflexionar en un mensaje a los jueces del Comit\u00e9 Panamericano de Derechos Sociales y la Doctrina Franciscana (COPAJU) en la inauguraci\u00f3n de su sede y sub sede en Buenos Aires.<\/p>\n\n\n\n<p><strong>Patricia Ynestroza &#8211; Vatican News<\/strong><\/p>\n\n\n\n<figure class=\"wp-block-image size-full\"><img loading=\"lazy\" decoding=\"async\" width=\"300\" height=\"168\" src=\"https:\/\/radiola25.com.ar\/wp-content\/uploads\/2024\/02\/image-14.png\" alt=\"\" class=\"wp-image-514\"\/><\/figure>\n\n\n\n<p>El Papa Francisco envi\u00f3 un video mensaje a los miembros del Comit\u00e9 Panamericano de Juezas y Jueces por los Derechos Sociales y la Doctrina Franciscana (COPAJU) en el contexto de la inauguraci\u00f3n de la nueva sede en Buenos Aires (argentina), y de la primera sub sede del Instituto para la investigaci\u00f3n y promoci\u00f3n de los Derechos Sociales \u201cFray Bartolom\u00e9 de las Casas\u201d. El instituto tendr\u00e1 finalidades acad\u00e9micas, docentes y de formaci\u00f3n sobre la tem\u00e1tica de derechos sociales, migraci\u00f3n y colonialismo.<\/p>\n\n\n\n<p>Tras haber recordado la importancia de la justicia en \u201ceste presente tan complejo\u201d y cu\u00e1nto es importante \u201cpoder reflexionar y formarse ante los nuevos desaf\u00edos\u201d, Francisco dijo que la misi\u00f3n de ellos: abogados, jueces, fiscales, defensores es trascendente y crucial.<\/p>\n\n\n\n<p>\u201cEl Poder Judicial es el \u00faltimo recurso disponible en el Estado para remediar las vulneraciones de derechos y preservar el equilibrio institucional y social\u201d.<\/p>\n\n\n\n<h2 class=\"wp-block-heading\"><strong>La justicia en medio de tanta injusticia<\/strong><\/h2>\n\n\n\n<p>Francisco record\u00f3 que, en estos tiempos, en que hay \u201cpocos ricos cada vez m\u00e1s poderosos y millones de pobres negados y descartados\u201d, no hay futuro, desarrollo, justicia ni democracia.<\/p>\n\n\n\n<p>\u201cVivimos \u00e9pocas de intensa injusticia\u2026 en un mundo en donde millones de ni\u00f1os comen diariamente s\u00f3lo los desechos de aquellos que si consumen\u201d.<\/p>\n\n\n\n<h2 class=\"wp-block-heading\"><strong>Un mundo lleno de injusticias<\/strong><\/h2>\n\n\n\n<p>El Papa nombr\u00f3 a los miembros del Comit\u00e9 las tantas injusticias presentes:.\u201cLos derechos sociales no son gratuitos. La riqueza para sostenerlos est\u00e1 disponible, pero requiere de decisiones pol\u00edticas adecuadas, racionales y equitativas\u201d.<\/p>\n\n\n\n<p>El Estado, hoy m\u00e1s importante que nunca, dijo, est\u00e1 llamado a ejercer ese papel central de redistribuci\u00f3n y justicia social. Y las normas ya han sido dictadas y son las que rigen, el problema, afirm\u00f3 Francisco, es su vigencia efectiva, su concreci\u00f3n. Y es all\u00ed donde empieza vuestro papel, los alent\u00f3 el Papa.<\/p>\n\n\n\n<h2 class=\"wp-block-heading\"><strong>Falsas deidades: dios Mercado y diosa Ganancia<\/strong><\/h2>\n\n\n\n<p>El Santo Padre asever\u00f3 que son el &#8220;dios Mercado y la diosa Ganancia&#8221;, las &#8220;falsas deidades que nos conducen a la deshumanizaci\u00f3n y a la destrucci\u00f3n del planeta&#8221;.<\/p>\n\n\n\n<p>&#8220;La historia lo ha demostrado en muchas y muy tristes oportunidades. Son Moloch, devorando a las generaciones reci\u00e9n nacidas&#8221;.<\/p>\n\n\n\n<p>Pero aconsej\u00f3 que la palabra de Jes\u00fas que fundamenta a la Doctrina Social de la Iglesia, es un sendero seguro y luminoso para coadyuvar en el ejercicio de la magistratura. Les anim\u00f3, adem\u00e1s, a reflexionar cada d\u00eda, pregunt\u00e1ndose cada uno y por los dem\u00e1s: hasta qu\u00e9 punto el ejercicio del poder p\u00fablico es leg\u00edtimo.&nbsp; Invit\u00e1ndolos a cuestionarse:&nbsp;Qu\u00e9 justificaci\u00f3n puede tener el poder si se aleja de la construcci\u00f3n de sociedades justas y dignas; y cada uno, les pregunt\u00f3,&nbsp; puede ser &#8220;un buen magistrado mirando hacia el costado frente al sufrimiento del otro&#8221;.<\/p>\n\n\n\n<p>Concluy\u00f3 su discurso pidiendo a cada uno &#8220;firmeza y decisi\u00f3n frente a los modelos deshumanizantes y violentos. La paz es una construcci\u00f3n diaria y ustedes son obreros de la paz&#8221;, les dijo.<\/p>\n\n\n\n<p>El acto de inauguraci\u00f3n cont\u00f3 con la presencia virtual y presencial de los diferentes miembros de COPAJU, autoridades de los Cap\u00edtulos Nacionales del Comit\u00e9, altas autoridades locales, acad\u00e9micas y delegaciones de movimientos sociales, organizaciones sindicales, culturales y autoridades religiosas.<\/p>\n","protected":false},"excerpt":{"rendered":"<p>\u00bfQu\u00e9 justificaci\u00f3n puede tener el poder si se aleja de la construcci\u00f3n de sociedades justas&#8230;<\/p>\n","protected":false},"author":4,"featured_media":0,"comment_status":"open","ping_status":"open","sticky":false,"template":"","format":"standard","meta":{"footnotes":""},"categories":[1],"tags":[],"class_list":["post-513","post","type-post","status-publish","format-standard","hentry","category-uncategorized"],"_links":{"self":[{"href":"https:\/\/radiola25.com.ar\/index.php\/wp-json\/wp\/v2\/posts\/513","targetHints":{"allow":["GET"]}}],"collection":[{"href":"https:\/\/radiola25.com.ar\/index.php\/wp-json\/wp\/v2\/posts"}],"about":[{"href":"https:\/\/radiola25.com.ar\/index.php\/wp-json\/wp\/v2\/types\/post"}],"author":[{"embeddable":true,"href":"https:\/\/radiola25.com.ar\/index.php\/wp-json\/wp\/v2\/users\/4"}],"replies":[{"embeddable":true,"href":"https:\/\/radiola25.com.ar\/index.php\/wp-json\/wp\/v2\/comments?post=513"}],"version-history":[{"count":1,"href":"https:\/\/radiola25.com.ar\/index.php\/wp-json\/wp\/v2\/posts\/513\/revisions"}],"predecessor-version":[{"id":515,"href":"https:\/\/radiola25.com.ar\/index.php\/wp-json\/wp\/v2\/posts\/513\/revisions\/515"}],"wp:attachment":[{"href":"https:\/\/radiola25.com.ar\/index.php\/wp-json\/wp\/v2\/media?parent=513"}],"wp:term":[{"taxonomy":"category","embeddable":true,"href":"https:\/\/radiola25.com.ar\/index.php\/wp-json\/wp\/v2\/categories?post=513"},{"taxonomy":"post_tag","embeddable":true,"href":"https:\/\/radiola25.com.ar\/index.php\/wp-json\/wp\/v2\/tags?post=513"}],"curies":[{"name":"wp","href":"https:\/\/api.w.org\/{rel}","templated":true}]}}