{"id":460,"date":"2024-01-30T19:39:50","date_gmt":"2024-01-30T22:39:50","guid":{"rendered":"https:\/\/radiola25.com.ar\/?p=460"},"modified":"2024-01-30T19:39:50","modified_gmt":"2024-01-30T22:39:50","slug":"debates-del-peronismo","status":"publish","type":"post","link":"https:\/\/radiola25.com.ar\/index.php\/2024\/01\/30\/debates-del-peronismo\/","title":{"rendered":"DEBATES DEL PERONISMO"},"content":{"rendered":"\n<h2 class=\"wp-block-heading\">Sobre la doctrina peronista y la visi\u00f3n de un nacionalismo no xen\u00f3fobo y humanista<\/h2>\n\n\n\n<p>POR&nbsp;<\/p>\n\n\n\n<p><a href=\"https:\/\/www.agenciapacourondo.com.ar\/santiago-asorey\">SANTIAGO ASOREY<\/a><\/p>\n\n\n\n<figure class=\"wp-block-image size-full\"><img loading=\"lazy\" decoding=\"async\" width=\"720\" height=\"480\" src=\"https:\/\/radiola25.com.ar\/wp-content\/uploads\/2024\/01\/image-29.png\" alt=\"\" class=\"wp-image-461\" srcset=\"https:\/\/radiola25.com.ar\/wp-content\/uploads\/2024\/01\/image-29.png 720w, https:\/\/radiola25.com.ar\/wp-content\/uploads\/2024\/01\/image-29-300x200.png 300w\" sizes=\"auto, (max-width: 720px) 100vw, 720px\" \/><\/figure>\n\n\n\n<p><\/p>\n\n\n\n<p>Mientras el Gobierno de Javier Milei cabalga en la incertidumbre de la crisis econ\u00f3mica y social, el peronismo se encuentra en un proceso de reorganizaci\u00f3n pr\u00e1ctica y te\u00f3rica que expresa debates profundos en todas sus aristas. \u00bfQu\u00e9 es el peronismo? \u00bfTiene doctrina? \u00bfCu\u00e1l es la cosmovisi\u00f3n de Per\u00f3n? El vac\u00edo de la dirigencia peronista tras la derrota profunda frente a Milei abre todas estas preguntas.<\/p>\n\n\n\n<p>Sobre el aspecto econ\u00f3mico de lo doctrinario ya hemos escrito en otras ocasiones. En el apartado de hoy toca referirnos a la tensi\u00f3n que se plantea entre progresismo y peronismo, desde un aspecto doctrinario.<\/p>\n\n\n\n<p>En Modelo argentino para el proyecto nacional (1974), el General define al movimiento a partir de un nacionalismo no xen\u00f3fobo. Interesante para pensar en contraposici\u00f3n con los nacionalismos de otras latitudes con posicionamientos xen\u00f3fobos, como en el caso de Europa y Estados Unidos.<\/p>\n\n\n\n<p>Efectivamente, en sus fundamentos Per\u00f3n define tambi\u00e9n en Conducci\u00f3n Pol\u00edtica (1952) al justicialismo como &#8220;una filosof\u00eda de vida, simple, profundamente nacional, popular humanista y cristiana&#8221;. En s\u00edntesis, el peronismo expresa de esta manera una doctrina nacionalista no xen\u00f3foba y humanista. Por supuesto, que la visi\u00f3n cl\u00e1sica de Per\u00f3n se encuentra profundamente distante de los fundamentos te\u00f3ricos del progresismo europeo influido por la filosof\u00eda posestructuralista. Pongamos el ejemplo de Foucault, que recurre a Nietzche para poner en crisis la idea de lo humano y expone todo en el plano de la ausencia de la verdad (en esa visi\u00f3n todo es interpretado en clave de construcci\u00f3n hist\u00f3rica, plasmada en lo discursivo y en el entramado de micropoderes). No hay un modelo humanista como verdad sino distintas posibilidades de construcci\u00f3n hist\u00f3ricas.<\/p>\n\n\n\n<p>En este sentido, queda clar\u00edsimo que la doctrina peronista y el pensamiento vivo del General Per\u00f3n no tiene nada que ver con el progresismo europeo.<\/p>\n\n\n\n<p>Sin embargo, su nacionalismo humanista no debe ser confundido con nacionalismos de otras tradiciones. Resulta interesante ver al ex secretario de Comercio Guillermo Moreno realizar esta aclaraci\u00f3n cuando expresa criticas dur\u00edsimas al presidente del Salvador Nayib Bukele y su pol\u00edtica penitenciaria en tanto dispone de una deshumanizaci\u00f3n de los presos. \u201cQue se piensa que los presos no tienen alma\u201d, explic\u00f3 en variadas declaraciones p\u00fablicas el presidente de Principios y Valores.<\/p>\n\n\n\n<p>Es imposible soslayar en este punto la menci\u00f3n a Roberto Petinatto (padre) quien condujo los institutos penitenciarios del pa\u00eds durante el peronismo hist\u00f3rico y quien estableci\u00f3 en su perspectiva doctrinaria humanista una serie de reformas que incluyeron: mejoras en la alimentaci\u00f3n y en la salud. Adem\u00e1s, de fomentar actividades deportivas para las personas privadas de libertad.<\/p>\n\n\n\n<p>En este marco, fue tambi\u00e9n creada la Escuela Industrial Penitenciaria con el objetivo de las que las personas privadas de su libertad tengan un acercamiento a las practicas de oficios.<a href=\"https:\/\/www.agenciapacourondo.com.ar\/ddhh\/la-dictadura-termino-de-destruir-el-sistema-penitenciario-del-primer-peronismo\">&nbsp;As\u00ed lo se\u00f1ala el compa\u00f1ero Jos\u00e9 Ponisco en una nota en&nbsp;<strong>AGENCIA PACO URONDO<\/strong><\/a>, \u201clos historiadores del tema subrayan la actividad deportiva y la virtual transformaci\u00f3n de la vida carcelaria. Abolici\u00f3n del cl\u00e1sico uniforme \u00b4a rayas\u00b4 para presos y hasta se cuenta cuando Pettinato, en un mot\u00edn c\u00e9lebre en \u00b4la c\u00e1rcel del fin del mundo\u00b4, como se la conoc\u00eda a la Unidad Penal de Ushuaia, abord\u00f3 sin armas al jefe de la rebeld\u00eda.\u201d<\/p>\n\n\n\n<p>Desde otra perspectiva, es necesario destacar la discusi\u00f3n en torno el expresidente de Estados Unidos, Donald Trump. Preocupa ver algunos compa\u00f1eros que se sienten referenciados en Moreno escuchar \u201ca medias\u201d al ex secretario de Comercio cuando revindica a Trumpo en el aspecto economico. Moreno define que Trump podr\u00eda ser comprendido como \u201cmitad peronista\u201d en tanto sus pol\u00edticas econ\u00f3micas se asemejan: administraci\u00f3n de comercio exterior, proteccionismo industrialista, alimentos y energ\u00eda econ\u00f3mica para los trabajadores. Pero como bien explica Moreno, Trump no construye puentes sino que construye muros. De esta manera, la xenofobia del dirigente republicano genera distancia con el nacionalismo humanista y cristiano de Per\u00f3n. Algo que seria interesante que muchos compa\u00f1eros referenciados en Moreno recuerden.<\/p>\n\n\n\n<p>Esta aclaraci\u00f3n doctrinaria sobre la visi\u00f3n nacionalista, humanista y cristiana que mejor\u00f3 profundamente la calidad de vida de nuestro Pueblo en su conjunto, vale tambi\u00e9n para los compa\u00f1eros que cuestionan a Moreno y lo empujan a categor\u00edas ajenas al peronismo como \u201cderecha o conservador\u201d. Queda claro que la doctrina que busca la felicidad del Pueblo y la grandeza de la Patria a partir de sus valores y principios permanentes se encuentran en un equilibrio distante tanto de los nacionalismos xen\u00f3fobos (a la manera de Trump) como de los progresismos europeos posestructuralistas.<\/p>\n","protected":false},"excerpt":{"rendered":"<p>Sobre la doctrina peronista y la visi\u00f3n de un nacionalismo no xen\u00f3fobo y humanista POR&nbsp;&#8230;<\/p>\n","protected":false},"author":4,"featured_media":0,"comment_status":"open","ping_status":"open","sticky":false,"template":"","format":"standard","meta":{"footnotes":""},"categories":[1],"tags":[],"class_list":["post-460","post","type-post","status-publish","format-standard","hentry","category-uncategorized"],"_links":{"self":[{"href":"https:\/\/radiola25.com.ar\/index.php\/wp-json\/wp\/v2\/posts\/460","targetHints":{"allow":["GET"]}}],"collection":[{"href":"https:\/\/radiola25.com.ar\/index.php\/wp-json\/wp\/v2\/posts"}],"about":[{"href":"https:\/\/radiola25.com.ar\/index.php\/wp-json\/wp\/v2\/types\/post"}],"author":[{"embeddable":true,"href":"https:\/\/radiola25.com.ar\/index.php\/wp-json\/wp\/v2\/users\/4"}],"replies":[{"embeddable":true,"href":"https:\/\/radiola25.com.ar\/index.php\/wp-json\/wp\/v2\/comments?post=460"}],"version-history":[{"count":1,"href":"https:\/\/radiola25.com.ar\/index.php\/wp-json\/wp\/v2\/posts\/460\/revisions"}],"predecessor-version":[{"id":462,"href":"https:\/\/radiola25.com.ar\/index.php\/wp-json\/wp\/v2\/posts\/460\/revisions\/462"}],"wp:attachment":[{"href":"https:\/\/radiola25.com.ar\/index.php\/wp-json\/wp\/v2\/media?parent=460"}],"wp:term":[{"taxonomy":"category","embeddable":true,"href":"https:\/\/radiola25.com.ar\/index.php\/wp-json\/wp\/v2\/categories?post=460"},{"taxonomy":"post_tag","embeddable":true,"href":"https:\/\/radiola25.com.ar\/index.php\/wp-json\/wp\/v2\/tags?post=460"}],"curies":[{"name":"wp","href":"https:\/\/api.w.org\/{rel}","templated":true}]}}