{"id":41,"date":"2023-01-19T02:00:39","date_gmt":"2023-01-19T05:00:39","guid":{"rendered":"http:\/\/radiola25.com.ar\/?p=41"},"modified":"2023-01-19T02:00:40","modified_gmt":"2023-01-19T05:00:40","slug":"mussi-y-tolosa-paz-recorrieron-puntos-productivos","status":"publish","type":"post","link":"https:\/\/radiola25.com.ar\/index.php\/2023\/01\/19\/mussi-y-tolosa-paz-recorrieron-puntos-productivos\/","title":{"rendered":"<a>Mussi y Tolosa Paz recorrieron puntos productivos<\/a>"},"content":{"rendered":"\n<p><strong>El intendente de Berazategui, Juan Jos\u00e9 Mussi; y la ministra de Desarrollo Social de la Naci\u00f3n, Victoria Tolosa Paz, recorrieron el operativo de validaci\u00f3n de datos para titulares del Programa Potenciar Trabajo. Luego, visitaron el Polo Productivo de Herrer\u00eda y Carpinter\u00eda Met\u00e1lica, la Bloquera (ambos de Potenciar Trabajo) y la Colonia de Verano en el Complejo Municipal Los Privilegiados.<\/strong><\/p>\n\n\n\n<p>Durante la recorrida, Mussi destac\u00f3 que \u201ctenemos el apoyo del Gobierno nacional y eso es muy importante. Tolosa Paz nos visita mucho en Berazategui y se lo agradecemos. Creo que es lo que necesitamos de una Ministra de Desarrollo Social: que camine y conozca las realidades\u201d. Y remarc\u00f3: \u201cEl trabajo es el gran constructor social, es lo fundamental. Hay muchos vecinos y vecinas que tienen oportunidades de trabajar a partir del Potenciar Trabajo y que son capaces de hacer muchas cosas\u201d.<\/p>\n\n\n\n<p>Por su parte, la Ministra expres\u00f3: \u201cEs un placer venir a Berazategui y que desde el Estado nacional y municipal trabajemos unidos. Queremos acompa\u00f1ar a las unidades productivas del pa\u00eds, reforzando capacidades y saberes de hombres y mujeres, comprando maquinaria nueva, comprometi\u00e9ndonos en facilitar recursos, y apoyando e incluyendo laboralmente a los j\u00f3venes\u201d.<\/p>\n\n\n\n<figure class=\"wp-block-image size-full\"><img loading=\"lazy\" decoding=\"async\" width=\"1024\" height=\"683\" src=\"http:\/\/radiola25.com.ar\/wp-content\/uploads\/2023\/01\/20230111_Visita__Tolosa_Paz_Plaza_Tiscornia_Herreria_Bloquera_Los_Privilegiados_357-1024x683-1.jpg\" alt=\"\" class=\"wp-image-43\" srcset=\"https:\/\/radiola25.com.ar\/wp-content\/uploads\/2023\/01\/20230111_Visita__Tolosa_Paz_Plaza_Tiscornia_Herreria_Bloquera_Los_Privilegiados_357-1024x683-1.jpg 1024w, https:\/\/radiola25.com.ar\/wp-content\/uploads\/2023\/01\/20230111_Visita__Tolosa_Paz_Plaza_Tiscornia_Herreria_Bloquera_Los_Privilegiados_357-1024x683-1-300x200.jpg 300w, https:\/\/radiola25.com.ar\/wp-content\/uploads\/2023\/01\/20230111_Visita__Tolosa_Paz_Plaza_Tiscornia_Herreria_Bloquera_Los_Privilegiados_357-1024x683-1-768x512.jpg 768w\" sizes=\"auto, (max-width: 1024px) 100vw, 1024px\" \/><\/figure>\n\n\n\n<p>La jornada de validaci\u00f3n de datos para beneficiarios del Programa Nacional Potenciar Trabajo se realiz\u00f3 en la Plaza Julia Copello de Tiscornia, donde Mussi y Tolosa Paz dialogaron con los vecinos y vecinas que estaban realizando el tr\u00e1mite. Asimismo, en las instalaciones del Complejo Municipal Los Privilegiados, estuvieron con personas mayores que participan de la Colonia Municipal de Verano 2023.<\/p>\n\n\n\n<p>Los otros espacios que visitaron fueron el Polo Productivo de Herrer\u00eda y Carpinter\u00eda Met\u00e1lica \u201cPresidente N\u00e9stor Carlos Kirchner\u201d -del barrio Bustillo- y la Bloquera, dos espacios financiados por el Ministerio de Desarrollo Social de la Naci\u00f3n -a trav\u00e9s del Potenciar Trabajo-, que brinda insumos y maquinarias, y fomenta la creaci\u00f3n de nuevos puestos de trabajo.<\/p>\n\n\n\n<p>Participaron de la recorrida, los secretarios municipales de Organizaciones No Gubernamentales (ONG), Marcelo Benedetti; y de Desarrollo Social y Comunitario, Recreaci\u00f3n, Turismo y Deportes, Mar\u00eda Laura Lacava.<\/p>\n\n\n\n<p><strong>Validaci\u00f3n de datos para titulares del Potenciar Trabajo<\/strong><\/p>\n\n\n\n<p>La validaci\u00f3n de datos es un procedimiento obligatorio para mantener el Potenciar Trabajo y solo deben realizarlo las personas que ya se encuentran en la n\u00f3mina del programa nacional, ya que no habr\u00e1 nuevas altas.<\/p>\n\n\n\n<p>Quienes deseen hacerlo a trav\u00e9s de la aplicaci\u00f3n Mi Argentina -desde el celular- o de la p\u00e1gina web\u00a0<a rel=\"noreferrer noopener\" href=\"http:\/\/argentina.gob.ar\/miargentina\" target=\"_blank\">argentina.gob.ar\/miargentina<\/a>, tienen tiempo hasta el domingo 15 de enero. En estos casos, se debe ingresar a la pesta\u00f1a Mis cobros y completar el formulario o actualizar los datos personales. Luego, hay que indicar el nivel de estudios alcanzado y declarar si se desea finalizar estudios pendientes, continuar con otros niveles educativos o formarse para el mundo del trabajo. Por \u00faltimo, aclarar la actividad productiva, comunitaria o educativa que realiza el beneficiario en el marco del programa y la unidad de gesti\u00f3n donde la lleva a cabo.<\/p>\n","protected":false},"excerpt":{"rendered":"<p>El intendente de Berazategui, Juan Jos\u00e9 Mussi; y la ministra de Desarrollo Social de la&#8230;<\/p>\n","protected":false},"author":1,"featured_media":42,"comment_status":"open","ping_status":"open","sticky":false,"template":"","format":"standard","meta":{"footnotes":""},"categories":[3],"tags":[],"class_list":["post-41","post","type-post","status-publish","format-standard","has-post-thumbnail","hentry","category-gremiales"],"_links":{"self":[{"href":"https:\/\/radiola25.com.ar\/index.php\/wp-json\/wp\/v2\/posts\/41","targetHints":{"allow":["GET"]}}],"collection":[{"href":"https:\/\/radiola25.com.ar\/index.php\/wp-json\/wp\/v2\/posts"}],"about":[{"href":"https:\/\/radiola25.com.ar\/index.php\/wp-json\/wp\/v2\/types\/post"}],"author":[{"embeddable":true,"href":"https:\/\/radiola25.com.ar\/index.php\/wp-json\/wp\/v2\/users\/1"}],"replies":[{"embeddable":true,"href":"https:\/\/radiola25.com.ar\/index.php\/wp-json\/wp\/v2\/comments?post=41"}],"version-history":[{"count":1,"href":"https:\/\/radiola25.com.ar\/index.php\/wp-json\/wp\/v2\/posts\/41\/revisions"}],"predecessor-version":[{"id":44,"href":"https:\/\/radiola25.com.ar\/index.php\/wp-json\/wp\/v2\/posts\/41\/revisions\/44"}],"wp:featuredmedia":[{"embeddable":true,"href":"https:\/\/radiola25.com.ar\/index.php\/wp-json\/wp\/v2\/media\/42"}],"wp:attachment":[{"href":"https:\/\/radiola25.com.ar\/index.php\/wp-json\/wp\/v2\/media?parent=41"}],"wp:term":[{"taxonomy":"category","embeddable":true,"href":"https:\/\/radiola25.com.ar\/index.php\/wp-json\/wp\/v2\/categories?post=41"},{"taxonomy":"post_tag","embeddable":true,"href":"https:\/\/radiola25.com.ar\/index.php\/wp-json\/wp\/v2\/tags?post=41"}],"curies":[{"name":"wp","href":"https:\/\/api.w.org\/{rel}","templated":true}]}}