{"id":394,"date":"2024-01-13T15:09:42","date_gmt":"2024-01-13T18:09:42","guid":{"rendered":"https:\/\/radiola25.com.ar\/?p=394"},"modified":"2024-01-13T15:09:42","modified_gmt":"2024-01-13T18:09:42","slug":"pablo-moyano-la-cgt-esta-unida-con-el-objetivo-de-rechazar-el-mega-dnu-y-la-ley-omnibus","status":"publish","type":"post","link":"https:\/\/radiola25.com.ar\/index.php\/2024\/01\/13\/pablo-moyano-la-cgt-esta-unida-con-el-objetivo-de-rechazar-el-mega-dnu-y-la-ley-omnibus\/","title":{"rendered":"Pablo Moyano: &#8220;La CGT est\u00e1 unida con el objetivo de rechazar el mega DNU y la ley \u00f3mnibus&#8221;"},"content":{"rendered":"\n<figure class=\"wp-block-image size-full\"><img loading=\"lazy\" decoding=\"async\" width=\"720\" height=\"480\" src=\"https:\/\/radiola25.com.ar\/wp-content\/uploads\/2024\/01\/image-7.png\" alt=\"\" class=\"wp-image-395\" srcset=\"https:\/\/radiola25.com.ar\/wp-content\/uploads\/2024\/01\/image-7.png 720w, https:\/\/radiola25.com.ar\/wp-content\/uploads\/2024\/01\/image-7-300x200.png 300w\" sizes=\"auto, (max-width: 720px) 100vw, 720px\" \/><\/figure>\n\n\n\n<p>Mientras el Congreso debate en comisiones la ley \u00f3mnibus, y el Gobierno de Javier Milei intenta destrabar en la Justicia las partes del DNU que fueron suspendidas, desde la CGT ratificaron su rechazo a esas iniciativas que buscan desregular la econom\u00eda para perjudicar a las industrias argentinas y terminar con derechos de trabajadores.<\/p>\n\n\n\n<p>En ese contexto de conflicto, la CGT ratific\u00f3 paro y movilizaci\u00f3n para el pr\u00f3ximo 24 de enero. Ser\u00e1 el primer paro contra la administraci\u00f3n libertaria.<\/p>\n\n\n\n<p>En ese sentido, Pablo Moyano, l\u00edder de Camioneros, asegur\u00f3 que las medidas de los gremios tienen como finalidad \u201cexigirle y acompa\u00f1ar a los diputados y diputadas que tienen que poner la cara frente al pueblo y rechazar este DNU que viene a liquidar derechos de los trabajadores\u201d.<\/p>\n\n\n\n<p>\u201cHoy la CGT est\u00e1 m\u00e1s unida que nunca, m\u00e1s all\u00e1 de las diferencias que podamos tener. Hoy el objetivo es uno: voltear el DNU, voltear la ley \u00f3mnibus y movilizar el 24. Y estar presente en cada conflicto que se va a ir generando\u201d, asegur\u00f3.<\/p>\n\n\n\n<p>En una entrevista radial, Moyano explic\u00f3: &#8220;Lo m\u00e1s importante es que en la CGT nos estamos reuniendo con distintos bloques. Hoy el objetivo de la CGT es que el DNU no se vote, llegar a los 129 diputados\u201d.&nbsp;&#8220;Son medidas contra los trabajadores, los jubilados, y a favor de la casta. Tanto el DNU como la Ley \u00d3mnibus fueron creados por el grupo Techint, por Mercado Libre\u201d, dispar\u00f3.<\/p>\n\n\n\n<p>\u201cNo dialogan con los gobernadores, no dialogan con los intendentes. Ellos gobiernan para la casta\u201d, cerr\u00f3.&nbsp;<\/p>\n","protected":false},"excerpt":{"rendered":"<p>Mientras el Congreso debate en comisiones la ley \u00f3mnibus, y el Gobierno de Javier Milei&#8230;<\/p>\n","protected":false},"author":4,"featured_media":0,"comment_status":"open","ping_status":"open","sticky":false,"template":"","format":"standard","meta":{"footnotes":""},"categories":[1],"tags":[],"class_list":["post-394","post","type-post","status-publish","format-standard","hentry","category-uncategorized"],"_links":{"self":[{"href":"https:\/\/radiola25.com.ar\/index.php\/wp-json\/wp\/v2\/posts\/394","targetHints":{"allow":["GET"]}}],"collection":[{"href":"https:\/\/radiola25.com.ar\/index.php\/wp-json\/wp\/v2\/posts"}],"about":[{"href":"https:\/\/radiola25.com.ar\/index.php\/wp-json\/wp\/v2\/types\/post"}],"author":[{"embeddable":true,"href":"https:\/\/radiola25.com.ar\/index.php\/wp-json\/wp\/v2\/users\/4"}],"replies":[{"embeddable":true,"href":"https:\/\/radiola25.com.ar\/index.php\/wp-json\/wp\/v2\/comments?post=394"}],"version-history":[{"count":1,"href":"https:\/\/radiola25.com.ar\/index.php\/wp-json\/wp\/v2\/posts\/394\/revisions"}],"predecessor-version":[{"id":396,"href":"https:\/\/radiola25.com.ar\/index.php\/wp-json\/wp\/v2\/posts\/394\/revisions\/396"}],"wp:attachment":[{"href":"https:\/\/radiola25.com.ar\/index.php\/wp-json\/wp\/v2\/media?parent=394"}],"wp:term":[{"taxonomy":"category","embeddable":true,"href":"https:\/\/radiola25.com.ar\/index.php\/wp-json\/wp\/v2\/categories?post=394"},{"taxonomy":"post_tag","embeddable":true,"href":"https:\/\/radiola25.com.ar\/index.php\/wp-json\/wp\/v2\/tags?post=394"}],"curies":[{"name":"wp","href":"https:\/\/api.w.org\/{rel}","templated":true}]}}