{"id":374,"date":"2024-01-02T16:50:48","date_gmt":"2024-01-02T19:50:48","guid":{"rendered":"https:\/\/radiola25.com.ar\/?p=374"},"modified":"2024-01-02T16:50:49","modified_gmt":"2024-01-02T19:50:49","slug":"quien-va-a-conducir-el-peronismo-ahora-por-agencia-paco-urondo","status":"publish","type":"post","link":"https:\/\/radiola25.com.ar\/index.php\/2024\/01\/02\/quien-va-a-conducir-el-peronismo-ahora-por-agencia-paco-urondo\/","title":{"rendered":"\u00bfQui\u00e9n va a conducir el peronismo ahora?, por AGENCIA PACO URONDO"},"content":{"rendered":"\n<p>POR&nbsp;<\/p>\n\n\n\n<p><a href=\"https:\/\/www.agenciapacourondo.com.ar\/colectivo-agencia-paco-urondo\">COLECTIVO AGENCIA PACO URONDO<\/a><\/p>\n\n\n\n<figure class=\"wp-block-image size-full\"><img loading=\"lazy\" decoding=\"async\" width=\"720\" height=\"480\" src=\"https:\/\/radiola25.com.ar\/wp-content\/uploads\/2024\/01\/image-1.png\" alt=\"\" class=\"wp-image-375\" srcset=\"https:\/\/radiola25.com.ar\/wp-content\/uploads\/2024\/01\/image-1.png 720w, https:\/\/radiola25.com.ar\/wp-content\/uploads\/2024\/01\/image-1-300x200.png 300w\" sizes=\"auto, (max-width: 720px) 100vw, 720px\" \/><\/figure>\n\n\n\n<p>Sin dudas, una derrota de la magnitud del balotaje presidencial (12 puntos frente al extravagante Javier Milei) convoca al peronismo a un hondo debate autocr\u00edtico de cara a lo que se viene. Por un lado, se abre un escenario de incertidumbre. Por el otro, el peronismo entra en un proceso de introspecci\u00f3n fundamental para repensarse y reorganizarse.<\/p>\n\n\n\n<p>En ese sentido,&nbsp;<strong>debe preguntarse qu\u00e9 significa el peronismo hoy. \u00bfQu\u00e9 proyecto de Naci\u00f3n ofrece a los argentinos y argentinas?&nbsp;<\/strong>Por dar un ejemplo, los dos peronismos que ganaron en sus respectivas provincias (C\u00f3rdoba y Buenos Aires) parecieran hablar un lenguaje absolutamente distinto.<\/p>\n\n\n\n<p>Los conceptos doctrinarios de Juan Per\u00f3n de un modelo argentino para el desarrollo nacional y federal (que no puede reducirse a un sector o a una provincia) parecen haberse olvidado a manos de tacticismos electorales que no ofrecen la visi\u00f3n de un gran movimiento reindustrializador, como fue el peronismo.<\/p>\n\n\n\n<p>El proceso social se ilustra por s\u00ed solo: l<strong>os grav\u00edsimos problemas econ\u00f3micos existentes agreden directamente a nuestra base social con inflaci\u00f3n alt\u00edsima y devaluaciones constantes<\/strong>. Ante esa situaci\u00f3n, no existieron medidas que pusieran l\u00edmites, por ejemplo, al encarecimiento de los alimentos. Todo eso se da sobre des\u00f3rdenes muy profundos de la macroeconom\u00eda argentina (falta de reservas, brecha cambiaria, d\u00e9ficit fiscal y cuasi fiscal r\u00e9cord).&nbsp;<strong>Todos estos elementos llevaron a una derrota que convoca a la pregunta sobre lo que tiene el peronismo para ofrecer de cara al futuro y bajo qu\u00e9 conducci\u00f3n pol\u00edtica<\/strong>.<\/p>\n\n\n\n<p>Es indudable que todos los problemas mencionados han culminado en que nuestro Pueblo se exprese electoralmente de modo contundente: nuestra fuerza pol\u00edtica hoy no es parte de la soluci\u00f3n de los problemas de las y los argentinos sino que es parte del problema.&nbsp;<strong>Alguna vez el peronismo expres\u00f3 un gran movimiento industrializador y distributivo que transform\u00f3 la estructura productiva de la Argentina con un dinamismo de ascenso social para nuestra clase trabajadora. Ese peronismo no estuvo en la visi\u00f3n del Frente de Todos.<\/strong><\/p>\n\n\n\n<p>En ese sentido,&nbsp;<strong>lejos de enojarnos con quienes votaron a Milei y denigrar a ese sector bajo la categor\u00eda \u201cderecha\u201d, es necesario escuchar<\/strong>. Construir un nuevo lenguaje y nuevas categor\u00edas para repensar los problemas. Tal vez, esas nuevas concepciones se encuentren en lo m\u00e1s a\u00f1ejo y valioso de nuestra tradici\u00f3n peronista.&nbsp;<strong>Un movimiento nacional con un proyecto nacional, alejado de todo sectarismo posible. Un gobierno al servicio de un Pueblo libre. Los mejores momentos del proceso de nuestra identidad pol\u00edtica kirchnerista fueron bajo la recuperaci\u00f3n de esas viejas verdades.<\/strong><\/p>\n\n\n\n<p><strong>Esa gesta requiere recuperar la audacia, la irreverencia y la rebeld\u00eda propias del peronismo<\/strong>. Porque efectivamente es una audacia reindustrializar el pa\u00eds en una regi\u00f3n donde muchas veces los factores de poder buscan pactar estabilidad econ\u00f3mica a costa de pobreza profunda.<\/p>\n\n\n\n<p><strong>La crisis del peronismo tal vez abra una nueva oportunidad.&nbsp;<\/strong>Una nueva instancia para rever por qu\u00e9 no encontramos soluciones para los problemas argentinos. Alguna vez el peronismo fue tambi\u00e9n el movimiento capaz de garantizar el orden en la vida econ\u00f3mica de nuestro Pueblo frente a otras fuerzas que dejaban grav\u00edsimas crisis econ\u00f3micas. Hoy eso parece estar invertido.<\/p>\n\n\n\n<p>Pero la respuesta debe nacer de un debate colectivo que incluya a todos los sectores del peronismo consustanciados con la Causa Nacional: sindicalismo, las y los gobernadores, intendentes, movimientos sociales, empresarios con visi\u00f3n patri\u00f3tica, y todas las dem\u00e1s organizaciones libres del Pueblo.<\/p>\n\n\n\n<p><strong>Las grandes crisis permiten momentos de horizontalidad en los debates. La comunidad organizada entera debe participar en su reconstrucci\u00f3n.<\/strong><\/p>\n","protected":false},"excerpt":{"rendered":"<p>POR&nbsp; COLECTIVO AGENCIA PACO URONDO Sin dudas, una derrota de la magnitud del balotaje presidencial&#8230;<\/p>\n","protected":false},"author":4,"featured_media":0,"comment_status":"open","ping_status":"open","sticky":false,"template":"","format":"standard","meta":{"footnotes":""},"categories":[1],"tags":[],"class_list":["post-374","post","type-post","status-publish","format-standard","hentry","category-uncategorized"],"_links":{"self":[{"href":"https:\/\/radiola25.com.ar\/index.php\/wp-json\/wp\/v2\/posts\/374","targetHints":{"allow":["GET"]}}],"collection":[{"href":"https:\/\/radiola25.com.ar\/index.php\/wp-json\/wp\/v2\/posts"}],"about":[{"href":"https:\/\/radiola25.com.ar\/index.php\/wp-json\/wp\/v2\/types\/post"}],"author":[{"embeddable":true,"href":"https:\/\/radiola25.com.ar\/index.php\/wp-json\/wp\/v2\/users\/4"}],"replies":[{"embeddable":true,"href":"https:\/\/radiola25.com.ar\/index.php\/wp-json\/wp\/v2\/comments?post=374"}],"version-history":[{"count":1,"href":"https:\/\/radiola25.com.ar\/index.php\/wp-json\/wp\/v2\/posts\/374\/revisions"}],"predecessor-version":[{"id":376,"href":"https:\/\/radiola25.com.ar\/index.php\/wp-json\/wp\/v2\/posts\/374\/revisions\/376"}],"wp:attachment":[{"href":"https:\/\/radiola25.com.ar\/index.php\/wp-json\/wp\/v2\/media?parent=374"}],"wp:term":[{"taxonomy":"category","embeddable":true,"href":"https:\/\/radiola25.com.ar\/index.php\/wp-json\/wp\/v2\/categories?post=374"},{"taxonomy":"post_tag","embeddable":true,"href":"https:\/\/radiola25.com.ar\/index.php\/wp-json\/wp\/v2\/tags?post=374"}],"curies":[{"name":"wp","href":"https:\/\/api.w.org\/{rel}","templated":true}]}}