{"id":279,"date":"2023-10-09T14:55:47","date_gmt":"2023-10-09T17:55:47","guid":{"rendered":"https:\/\/radiola25.com.ar\/?p=279"},"modified":"2023-10-09T14:55:48","modified_gmt":"2023-10-09T17:55:48","slug":"debate-presidencial","status":"publish","type":"post","link":"https:\/\/radiola25.com.ar\/index.php\/2023\/10\/09\/debate-presidencial\/","title":{"rendered":"DEBATE PRESIDENCIAL"},"content":{"rendered":"\n<h2 class=\"wp-block-heading\">Grabois critic\u00f3 a Bregman: &#8220;En sus listas hay gente que march\u00f3 a favor de los pools sojeros&#8221;<\/h2>\n\n\n\n<p>El dirigente kirchnerista Juan Grabois us\u00f3 Twitter\/X para cruzar a la candidata del Frente de Izquierda, Myriam Bregman. &#8220;El FIT arm\u00f3 listas con gente que march\u00f3 a favor de los pooles sojeros durante el conflicto con las patronales agrarias. Digamos todo Bregman&#8230; quien est\u00e9 libre de contradicciones que tire la primera piedra&#8221;, ironiz\u00f3.<\/p>\n\n\n\n<figure class=\"wp-block-image size-full\"><img loading=\"lazy\" decoding=\"async\" width=\"720\" height=\"480\" src=\"https:\/\/radiola25.com.ar\/wp-content\/uploads\/2023\/10\/image-6.png\" alt=\"\" class=\"wp-image-280\" srcset=\"https:\/\/radiola25.com.ar\/wp-content\/uploads\/2023\/10\/image-6.png 720w, https:\/\/radiola25.com.ar\/wp-content\/uploads\/2023\/10\/image-6-300x200.png 300w\" sizes=\"auto, (max-width: 720px) 100vw, 720px\" \/><\/figure>\n\n\n\n<p>Despu\u00e9s, Grabois cuestion\u00f3 a Bregman por decir que el peronismo y Javier Milei son lo mismo. &#8220;Y no, no es lo mismo Union por la Patria que el fascismo. Qu\u00e9 l\u00e1stima que no puedas ser honesta con vos misma&#8221;, insisti\u00f3.<\/p>\n\n\n\n<p>Por \u00faltimo, le record\u00f3: &#8220;Ah despu\u00e9s, fijate de qu\u00e9 Movimiento son los presos por la lucha antiminera en Catamarca y Chubut&#8230;&#8221;.<\/p>\n","protected":false},"excerpt":{"rendered":"<p>Grabois critic\u00f3 a Bregman: &#8220;En sus listas hay gente que march\u00f3 a favor de los&#8230;<\/p>\n","protected":false},"author":4,"featured_media":0,"comment_status":"open","ping_status":"open","sticky":false,"template":"","format":"standard","meta":{"footnotes":""},"categories":[1],"tags":[],"class_list":["post-279","post","type-post","status-publish","format-standard","hentry","category-uncategorized"],"_links":{"self":[{"href":"https:\/\/radiola25.com.ar\/index.php\/wp-json\/wp\/v2\/posts\/279","targetHints":{"allow":["GET"]}}],"collection":[{"href":"https:\/\/radiola25.com.ar\/index.php\/wp-json\/wp\/v2\/posts"}],"about":[{"href":"https:\/\/radiola25.com.ar\/index.php\/wp-json\/wp\/v2\/types\/post"}],"author":[{"embeddable":true,"href":"https:\/\/radiola25.com.ar\/index.php\/wp-json\/wp\/v2\/users\/4"}],"replies":[{"embeddable":true,"href":"https:\/\/radiola25.com.ar\/index.php\/wp-json\/wp\/v2\/comments?post=279"}],"version-history":[{"count":1,"href":"https:\/\/radiola25.com.ar\/index.php\/wp-json\/wp\/v2\/posts\/279\/revisions"}],"predecessor-version":[{"id":281,"href":"https:\/\/radiola25.com.ar\/index.php\/wp-json\/wp\/v2\/posts\/279\/revisions\/281"}],"wp:attachment":[{"href":"https:\/\/radiola25.com.ar\/index.php\/wp-json\/wp\/v2\/media?parent=279"}],"wp:term":[{"taxonomy":"category","embeddable":true,"href":"https:\/\/radiola25.com.ar\/index.php\/wp-json\/wp\/v2\/categories?post=279"},{"taxonomy":"post_tag","embeddable":true,"href":"https:\/\/radiola25.com.ar\/index.php\/wp-json\/wp\/v2\/tags?post=279"}],"curies":[{"name":"wp","href":"https:\/\/api.w.org\/{rel}","templated":true}]}}