{"id":230,"date":"2023-09-20T11:13:49","date_gmt":"2023-09-20T14:13:49","guid":{"rendered":"https:\/\/radiola25.com.ar\/?p=230"},"modified":"2023-09-20T11:13:50","modified_gmt":"2023-09-20T14:13:50","slug":"cambios-en-ganancias-quienes-y-cuanto-pagarian-en-2024","status":"publish","type":"post","link":"https:\/\/radiola25.com.ar\/index.php\/2023\/09\/20\/cambios-en-ganancias-quienes-y-cuanto-pagarian-en-2024\/","title":{"rendered":"Cambios en Ganancias: qui\u00e9nes y cu\u00e1nto pagar\u00edan en 2024"},"content":{"rendered":"\n<p>El proyecto de ley de reforma del Impuesto a las Ganancias apunta a que los cambios puedan implementarse desde el a\u00f1o pr\u00f3ximo.<\/p>\n\n\n\n<figure class=\"wp-block-image size-full\"><img loading=\"lazy\" decoding=\"async\" width=\"655\" height=\"368\" src=\"https:\/\/radiola25.com.ar\/wp-content\/uploads\/2023\/09\/image-7.png\" alt=\"\" class=\"wp-image-231\" srcset=\"https:\/\/radiola25.com.ar\/wp-content\/uploads\/2023\/09\/image-7.png 655w, https:\/\/radiola25.com.ar\/wp-content\/uploads\/2023\/09\/image-7-300x169.png 300w\" sizes=\"auto, (max-width: 655px) 100vw, 655px\" \/><\/figure>\n\n\n\n<p>La\u00a0<a rel=\"noreferrer noopener\" href=\"https:\/\/www.ambito.com\/ganancias-diputados-busca-aprobar-el-proyecto-massa-sesion-especial-n5824330\" target=\"_blank\"><strong>C\u00e1mara de Diputados<\/strong><\/a> aprob\u00f3 y envi\u00f3 al Senado el\u00a0<a rel=\"noreferrer noopener\" href=\"https:\/\/www.ambito.com\/economia\/ganancias-cual-es-el-costo-fiscal-del-proyecto-que-se-debatira-diputados-n5824378\" target=\"_blank\"><strong>proyecto de ley<\/strong><\/a>\u00a0que modifica el Impuesto a las Ganancias. Tras m\u00e1s de siete horas de debate, el oficialismo logr\u00f3 aprobar el proyecto sobre Ganancias con el apoyo de partidos provinciales, los libertarios, la Izquierda y parte del interbloque Federal, quienes tambi\u00e9n aportaron para el qu\u00f3rum.<\/p>\n\n\n\n<p>El proyecto de ley de reforma del\u00a0<strong>Impuesto a las Ganancias\u00a0<\/strong>apunta a que los cambios puedan implementarse desde el a\u00f1o pr\u00f3ximo.<\/p>\n\n\n\n<h2 class=\"wp-block-heading\">Ganancias: los cambios aprobados en Diputados<\/h2>\n\n\n\n<ul class=\"wp-block-list\">\n<li>Se elimina la&nbsp;<strong>cuarta categor\u00eda<\/strong>&nbsp;y en su reemplazo se crea un impuesto cedular que establece que s\u00f3lo pagar\u00e1n el tributo los ingresos superiores a 15 sueldos m\u00ednimos mensuales, que actualmente representan alrededor de de $1.770.000 mill\u00f3n, pero llegar\u00eda a $2 millones con el ajuste que se debatir\u00e1 la semana pr\u00f3xima en la reuni\u00f3n del Consejo del Salario.<\/li>\n\n\n\n<li>Ese nuevo gravamen tendr\u00e1 una<strong>&nbsp;al\u00edcuota progresiva&nbsp;<\/strong>sobre el excedente, que va de 27% a 35%, y que se actualizar\u00e1 con el valor del salario m\u00ednimo dos veces por a\u00f1o.<\/li>\n\n\n\n<li>As\u00ed, s\u00f3lo pagar\u00e1n Ganancias&nbsp;<strong>88.000 contribuyentes<\/strong>, menos del 1% del total de las remuneraciones, jubilaciones y pensiones, de acuerdo con los c\u00e1lculos oficiales.<\/li>\n\n\n\n<li>La determinaci\u00f3n del<strong>&nbsp;impuesto<\/strong>&nbsp;se efectuar\u00e1 de la siguiente manera: se considera al comienzo del per\u00edodo fiscal, el valor del&nbsp;<strong>Salario<\/strong>&nbsp;<strong>M\u00ednimo, Vital y M\u00f3vil&nbsp;<\/strong>vigente el 1\u00b0 de enero de ese a\u00f1o, el que se actualizar\u00e1 el 1\u00b0 de julio de cada a\u00f1o fiscal, considerando el valor del haber m\u00ednimo vigente a esa nueva fecha.<\/li>\n\n\n\n<li>El&nbsp;<strong>salario anual complementario,<\/strong>&nbsp;o aguinaldo, estar\u00e1 exento del pago del tributo.<\/li>\n\n\n\n<li>El<strong>&nbsp;proyecto no incluye a cargos de alta responsabilidad&nbsp;<\/strong>en empresas, como directores de sociedades an\u00f3nimas, CEOs, gerentes y subgerentes. Tambi\u00e9n se excluyen las pensiones de privilegio y funcionarios pol\u00edticos.<\/li>\n\n\n\n<li>Para los&nbsp;<strong>empleados en relaci\u00f3n de dependencia,<\/strong>&nbsp;<strong>jubilados y pensionados&nbsp;<\/strong>que vivan en las provincias de La Pampa, R\u00edo Negro, Chubut, Neuqu\u00e9n, Santa Cruz, Tierra del Fuego y el partido bonaerense de Patagones, habr\u00e1 un tratamiento especial.<\/li>\n\n\n\n<li>El&nbsp;<strong>objetivo del proyecto&nbsp;<\/strong>es, seg\u00fan el Gobierno, &#8220;trabajar en medidas que tiendan a asegurar la progresividad del impuesto a las Ganancias, evitando de esta forma que la carga del tributo neutralice la pol\u00edtica salarial adoptada&#8221;.<\/li>\n<\/ul>\n\n\n\n<figure class=\"wp-block-image\"><img decoding=\"async\" src=\"https:\/\/media.ambito.com\/p\/fd0e38fe70edc4a385e26ef72c09b46c\/adjuntos\/239\/imagenes\/040\/989\/0040989556\/ganancias-sesion-diputados-2023.jpeg?2023-09-19-13-44-25\" alt=\"\" title=\"\"\/><\/figure>\n\n\n\n<p>IGNACIO PETUNCHI<\/p>\n\n\n\n<h2 class=\"wp-block-heading\">Ganancias: qui\u00e9nes pagar\u00e1n en 2024<\/h2>\n\n\n\n<p>Como la implementaci\u00f3n est\u00e1 prevista a partir de 2024, el sistema arrancar\u00eda considerando como referencia el&nbsp;<strong>salario m\u00ednimo<\/strong>&nbsp;que est\u00e9 vigente en enero pr\u00f3ximo. En julio, seg\u00fan se explica en el mensaje enviado al Congreso, deber\u00eda actualizarse el esquema seg\u00fan el valor que tenga el SMVM ese mes, y se tendr\u00eda que recalcular e<strong>l impuesto&nbsp;<\/strong>descontado durante el primer semestre. As\u00ed, la base para determinar a<strong>&nbsp;cu\u00e1nto equivalen cada a\u00f1o<\/strong>&nbsp;los 180 SMVM ser\u00eda el valor que tenga esa variable en julio.<\/p>\n\n\n\n<h2 class=\"wp-block-heading\"><video preload=\"auto\"><\/video><\/h2>\n\n\n\n<p><\/p>\n\n\n\n<p><\/p>\n\n\n\n<p><a href=\"https:\/\/affiliate.across.it\/v2\/click\/2vulbjmmfhsdss2tvas\" rel=\"noreferrer noopener\" target=\"_blank\"><\/a><\/p>\n\n\n\n<p><a rel=\"noreferrer noopener\" href=\"https:\/\/affiliate.across.it\/v2\/click\/2vulbjmmfhsdss2tvas\" target=\"_blank\"><\/a><\/p>\n\n\n\n<p><a href=\"https:\/\/financialadvisorheroes.com\/trending\/perdida-de-peso-de-celebridades-chumlee-a1\" rel=\"noreferrer noopener\" target=\"_blank\"><\/a><\/p>\n\n\n\n<p><a href=\"https:\/\/financialadvisorheroes.com\/trending\/perdida-de-peso-de-celebridades-chumlee-a1\" rel=\"noreferrer noopener\" target=\"_blank\"><\/a><a href=\"https:\/\/financialadvisorheroes.com\/trending\/perdida-de-peso-de-celebridades-chumlee-a1\" rel=\"noreferrer noopener\" target=\"_blank\"><strong>Tras su p\u00e9rdida de peso, la mujer de Pierce Brosnan confirma lo que siempre hemos sabido<\/strong><strong>Financial Advisor Heroes|<\/strong><\/a><\/p>\n\n\n\n<p><\/p>\n\n\n\n<p><a href=\"https:\/\/affiliate.across.it\/v2\/click\/t5pv82exou9qn68ww0q\" rel=\"noreferrer noopener\" target=\"_blank\"><\/a><\/p>\n\n\n\n<p><\/p>\n\n\n\n<p><\/p>\n\n\n\n<p><a href=\"https:\/\/todaysnyc.com\/trending\/conoce-quienes-son-las-parejas-de-los-famosos-argentinos-de-moda-2\" rel=\"noreferrer noopener\" target=\"_blank\"><\/a><\/p>\n\n\n\n<p><a rel=\"noreferrer noopener\" href=\"https:\/\/todaysnyc.com\/trending\/conoce-quienes-son-las-parejas-de-los-famosos-argentinos-de-moda-2\" target=\"_blank\"><\/a><\/p>\n\n\n\n<p><a href=\"https:\/\/authorspick.com\/trending\/las-principales-celebridades-argentinas-y-sus-historias-de-amor-cuantas-conoces-ricardodarin-tb\" rel=\"noreferrer noopener\" target=\"_blank\"><\/a><\/p>\n\n\n\n<p><a rel=\"noreferrer noopener\" href=\"https:\/\/authorspick.com\/trending\/las-principales-celebridades-argentinas-y-sus-historias-de-amor-cuantas-conoces-ricardodarin-tb\" target=\"_blank\"><\/a><\/p>\n\n\n\n<p><a href=\"https:\/\/paperela.com\/trending\/asi-se-ven-las-famosas-sin-maquillaje-116skasif-vl-sc\" rel=\"noreferrer noopener\" target=\"_blank\"><\/a><\/p>\n\n\n\n<h2 class=\"wp-block-heading\"><a rel=\"noreferrer noopener\" href=\"https:\/\/paperela.com\/trending\/asi-se-ven-las-famosas-sin-maquillaje-116skasif-vl-sc\" target=\"_blank\"><\/a><\/h2>\n","protected":false},"excerpt":{"rendered":"<p>El proyecto de ley de reforma del Impuesto a las Ganancias apunta a que los&#8230;<\/p>\n","protected":false},"author":4,"featured_media":0,"comment_status":"open","ping_status":"open","sticky":false,"template":"","format":"standard","meta":{"footnotes":""},"categories":[1],"tags":[],"class_list":["post-230","post","type-post","status-publish","format-standard","hentry","category-uncategorized"],"_links":{"self":[{"href":"https:\/\/radiola25.com.ar\/index.php\/wp-json\/wp\/v2\/posts\/230","targetHints":{"allow":["GET"]}}],"collection":[{"href":"https:\/\/radiola25.com.ar\/index.php\/wp-json\/wp\/v2\/posts"}],"about":[{"href":"https:\/\/radiola25.com.ar\/index.php\/wp-json\/wp\/v2\/types\/post"}],"author":[{"embeddable":true,"href":"https:\/\/radiola25.com.ar\/index.php\/wp-json\/wp\/v2\/users\/4"}],"replies":[{"embeddable":true,"href":"https:\/\/radiola25.com.ar\/index.php\/wp-json\/wp\/v2\/comments?post=230"}],"version-history":[{"count":1,"href":"https:\/\/radiola25.com.ar\/index.php\/wp-json\/wp\/v2\/posts\/230\/revisions"}],"predecessor-version":[{"id":233,"href":"https:\/\/radiola25.com.ar\/index.php\/wp-json\/wp\/v2\/posts\/230\/revisions\/233"}],"wp:attachment":[{"href":"https:\/\/radiola25.com.ar\/index.php\/wp-json\/wp\/v2\/media?parent=230"}],"wp:term":[{"taxonomy":"category","embeddable":true,"href":"https:\/\/radiola25.com.ar\/index.php\/wp-json\/wp\/v2\/categories?post=230"},{"taxonomy":"post_tag","embeddable":true,"href":"https:\/\/radiola25.com.ar\/index.php\/wp-json\/wp\/v2\/tags?post=230"}],"curies":[{"name":"wp","href":"https:\/\/api.w.org\/{rel}","templated":true}]}}