{"id":219,"date":"2023-09-10T19:07:34","date_gmt":"2023-09-10T22:07:34","guid":{"rendered":"https:\/\/radiola25.com.ar\/?p=219"},"modified":"2023-09-10T19:07:35","modified_gmt":"2023-09-10T22:07:35","slug":"llamaron-a-construir-sentido-popular","status":"publish","type":"post","link":"https:\/\/radiola25.com.ar\/index.php\/2023\/09\/10\/llamaron-a-construir-sentido-popular\/","title":{"rendered":"Llamaron a &#8220;construir sentido popular&#8221;"},"content":{"rendered":"\n<h1 class=\"wp-block-heading\">Organizaciones sociales y sindicales se congregaron para fortalecer a Uni\u00f3n por la Patria<\/h1>\n\n\n\n<figure class=\"wp-block-image size-full\"><img loading=\"lazy\" decoding=\"async\" width=\"960\" height=\"640\" src=\"https:\/\/radiola25.com.ar\/wp-content\/uploads\/2023\/09\/image-2.png\" alt=\"\" class=\"wp-image-220\" srcset=\"https:\/\/radiola25.com.ar\/wp-content\/uploads\/2023\/09\/image-2.png 960w, https:\/\/radiola25.com.ar\/wp-content\/uploads\/2023\/09\/image-2-300x200.png 300w, https:\/\/radiola25.com.ar\/wp-content\/uploads\/2023\/09\/image-2-768x512.png 768w\" sizes=\"auto, (max-width: 960px) 100vw, 960px\" \/><\/figure>\n\n\n\n<p>M\u00e1s de 500 representantes de organizaciones sindicales, sociales, culturales y pol\u00edticas desarrollaron hoy un encuentro en la localidad bonaerense de Avellaneda para fortalecer a Uni\u00f3n por la Patria rumbo a las elecciones de octubre y llamaron a &#8220;construir sentido popular&#8221; para asegurar el triunfo de la coalici\u00f3n oficialista.<\/p>\n\n\n\n<p>&#8220;Hay que apelar a lo humano. No alcanza con ganar, tambi\u00e9n hay que volver construir un sentido popular&#8221;, se\u00f1al\u00f3 el intendente Jorge Ferraresi en esta actividad partidaria realizada en la Universidad Nacional de Avellaneda.<\/p>\n\n\n\n<p>Seg\u00fan fuentes partidarias, el jefe de Asesores del gobierno bonaerense, Carlos Bianco, convoc\u00f3 en ese encuentro a &#8220;recuperar lo que viene planteando&#8221; el gobernador Axel Kicillof de &#8220;no ir para atr\u00e1s, ni para el costado&#8221; y marchar hacia &#8220;adelante, derecho al futuro&#8221;.<\/p>\n\n\n\n<p>Adem\u00e1s de los paneles de apertura, la jornada cont\u00f3 con comisiones que discutieron las dificultades de la coyuntura actual, y sobre c\u00f3mo enfrentar las propuestas de empobrecimiento y retroceso en derechos que plantean la candidata presidencial de Juntos por el Cambio (JxC), Patricia Bullrich y el postulante de La Libertad Avanza (LLA), Javier Milei.<\/p>\n\n\n\n<p>Tambi\u00e9n discutieron &#8220;acciones para acompa\u00f1ar la candidatura del ministro de Econom\u00eda, Sergio Massa&#8221;, y se exhort\u00f3 a &#8220;fortalecer las organizaciones populares para defender los derechos conquistados&#8221;.<\/p>\n\n\n\n<p>Entre las organizaciones que participaron estuvieron Puebla, Trabajadores de Prensa por la Patria, CNP25 de Mayo, el Sindicato de Aceiteros, Nuestram\u00e9rica, la Federaci\u00f3n Rural, Agrupaci\u00f3n 17 de agosto, Soberana y trabajadores de FOETRA, entre otros.<\/p>\n","protected":false},"excerpt":{"rendered":"<p>Organizaciones sociales y sindicales se congregaron para fortalecer a Uni\u00f3n por la Patria M\u00e1s de&#8230;<\/p>\n","protected":false},"author":4,"featured_media":0,"comment_status":"open","ping_status":"open","sticky":false,"template":"","format":"standard","meta":{"footnotes":""},"categories":[1],"tags":[],"class_list":["post-219","post","type-post","status-publish","format-standard","hentry","category-uncategorized"],"_links":{"self":[{"href":"https:\/\/radiola25.com.ar\/index.php\/wp-json\/wp\/v2\/posts\/219","targetHints":{"allow":["GET"]}}],"collection":[{"href":"https:\/\/radiola25.com.ar\/index.php\/wp-json\/wp\/v2\/posts"}],"about":[{"href":"https:\/\/radiola25.com.ar\/index.php\/wp-json\/wp\/v2\/types\/post"}],"author":[{"embeddable":true,"href":"https:\/\/radiola25.com.ar\/index.php\/wp-json\/wp\/v2\/users\/4"}],"replies":[{"embeddable":true,"href":"https:\/\/radiola25.com.ar\/index.php\/wp-json\/wp\/v2\/comments?post=219"}],"version-history":[{"count":1,"href":"https:\/\/radiola25.com.ar\/index.php\/wp-json\/wp\/v2\/posts\/219\/revisions"}],"predecessor-version":[{"id":221,"href":"https:\/\/radiola25.com.ar\/index.php\/wp-json\/wp\/v2\/posts\/219\/revisions\/221"}],"wp:attachment":[{"href":"https:\/\/radiola25.com.ar\/index.php\/wp-json\/wp\/v2\/media?parent=219"}],"wp:term":[{"taxonomy":"category","embeddable":true,"href":"https:\/\/radiola25.com.ar\/index.php\/wp-json\/wp\/v2\/categories?post=219"},{"taxonomy":"post_tag","embeddable":true,"href":"https:\/\/radiola25.com.ar\/index.php\/wp-json\/wp\/v2\/tags?post=219"}],"curies":[{"name":"wp","href":"https:\/\/api.w.org\/{rel}","templated":true}]}}