{"id":208,"date":"2023-09-09T13:11:50","date_gmt":"2023-09-09T16:11:50","guid":{"rendered":"https:\/\/radiola25.com.ar\/?p=208"},"modified":"2023-09-09T13:11:50","modified_gmt":"2023-09-09T16:11:50","slug":"encuentro-de-la-militancia","status":"publish","type":"post","link":"https:\/\/radiola25.com.ar\/index.php\/2023\/09\/09\/encuentro-de-la-militancia\/","title":{"rendered":"Encuentro de la militancia"},"content":{"rendered":"\n<figure class=\"wp-block-image size-large\"><img loading=\"lazy\" decoding=\"async\" width=\"1024\" height=\"576\" src=\"https:\/\/radiola25.com.ar\/wp-content\/uploads\/2023\/09\/image-1024x576.png\" alt=\"\" class=\"wp-image-209\" srcset=\"https:\/\/radiola25.com.ar\/wp-content\/uploads\/2023\/09\/image-1024x576.png 1024w, https:\/\/radiola25.com.ar\/wp-content\/uploads\/2023\/09\/image-300x169.png 300w, https:\/\/radiola25.com.ar\/wp-content\/uploads\/2023\/09\/image-768x432.png 768w, https:\/\/radiola25.com.ar\/wp-content\/uploads\/2023\/09\/image-1536x864.png 1536w, https:\/\/radiola25.com.ar\/wp-content\/uploads\/2023\/09\/image.png 1599w\" sizes=\"auto, (max-width: 1024px) 100vw, 1024px\" \/><\/figure>\n\n\n\n<p>Se esta realizando en la casa del bicentenario Avellaneda con la presencia del Intendente Ferraresi , Felisa Miceli y dirigentes y militantes de las siguientes organizaciones : Corriente Nacional y Popular 25 de Mayo, Trabajadores de prensa por la patria, Soberana, Espacio Puebla, Nuestra America, Corriente Pol\u00edtico 17 de Agosto, Federaci\u00f3n Rural, Frente telef\u00f3nico<\/p>\n","protected":false},"excerpt":{"rendered":"<p>Se esta realizando en la casa del bicentenario Avellaneda con la presencia del Intendente Ferraresi&#8230;<\/p>\n","protected":false},"author":4,"featured_media":0,"comment_status":"open","ping_status":"open","sticky":false,"template":"","format":"standard","meta":{"footnotes":""},"categories":[1],"tags":[],"class_list":["post-208","post","type-post","status-publish","format-standard","hentry","category-uncategorized"],"_links":{"self":[{"href":"https:\/\/radiola25.com.ar\/index.php\/wp-json\/wp\/v2\/posts\/208","targetHints":{"allow":["GET"]}}],"collection":[{"href":"https:\/\/radiola25.com.ar\/index.php\/wp-json\/wp\/v2\/posts"}],"about":[{"href":"https:\/\/radiola25.com.ar\/index.php\/wp-json\/wp\/v2\/types\/post"}],"author":[{"embeddable":true,"href":"https:\/\/radiola25.com.ar\/index.php\/wp-json\/wp\/v2\/users\/4"}],"replies":[{"embeddable":true,"href":"https:\/\/radiola25.com.ar\/index.php\/wp-json\/wp\/v2\/comments?post=208"}],"version-history":[{"count":1,"href":"https:\/\/radiola25.com.ar\/index.php\/wp-json\/wp\/v2\/posts\/208\/revisions"}],"predecessor-version":[{"id":210,"href":"https:\/\/radiola25.com.ar\/index.php\/wp-json\/wp\/v2\/posts\/208\/revisions\/210"}],"wp:attachment":[{"href":"https:\/\/radiola25.com.ar\/index.php\/wp-json\/wp\/v2\/media?parent=208"}],"wp:term":[{"taxonomy":"category","embeddable":true,"href":"https:\/\/radiola25.com.ar\/index.php\/wp-json\/wp\/v2\/categories?post=208"},{"taxonomy":"post_tag","embeddable":true,"href":"https:\/\/radiola25.com.ar\/index.php\/wp-json\/wp\/v2\/tags?post=208"}],"curies":[{"name":"wp","href":"https:\/\/api.w.org\/{rel}","templated":true}]}}