{"id":1117,"date":"2026-09-04T19:39:36","date_gmt":"2026-09-04T22:39:36","guid":{"rendered":"https:\/\/radiola25.com.ar\/?p=1117"},"modified":"2026-09-04T19:39:37","modified_gmt":"2026-09-04T22:39:37","slug":"historias-en-la-trinchera","status":"publish","type":"post","link":"https:\/\/radiola25.com.ar\/index.php\/2026\/09\/04\/historias-en-la-trinchera\/","title":{"rendered":"Historias en la trinchera"},"content":{"rendered":"\n<h1 class=\"wp-block-heading\">El vaciamiento del Bonaparte contado por sus usuarias<\/h1>\n\n\n\n<figure class=\"wp-block-image size-full\"><img loading=\"lazy\" decoding=\"async\" width=\"980\" height=\"654\" src=\"https:\/\/radiola25.com.ar\/wp-content\/uploads\/2026\/09\/image-1.png\" alt=\"\" class=\"wp-image-1118\" srcset=\"https:\/\/radiola25.com.ar\/wp-content\/uploads\/2026\/09\/image-1.png 980w, https:\/\/radiola25.com.ar\/wp-content\/uploads\/2026\/09\/image-1-300x200.png 300w, https:\/\/radiola25.com.ar\/wp-content\/uploads\/2026\/09\/image-1-768x513.png 768w\" sizes=\"auto, (max-width: 980px) 100vw, 980px\" \/><\/figure>\n\n\n\n<h3 class=\"wp-block-heading\">Por las decisiones de vaciamiento, despidos masivos y la precarizaci\u00f3n laboral extrema que acorrala al Hospital Nacional Lic. Laura Bonaparte, la atenci\u00f3n interdisciplinaria se desmorona d\u00eda a d\u00eda. Cientos de personas en tratamiento quedan al borde del abandono. En esta nota, Paula, Flor y Virginia narran en primera persona la angustia cotidiana de concurrir a un centro vaciado, la p\u00e9rdida de sus profesionales de cabecera y la urgencia de no quedarse sin las recetas que las ayudan a sostener sus vida<\/h3>\n\n\n\n<p><a href=\"https:\/\/www.pagina12.com.ar\/autores\/estefania-santoro\">Por&nbsp;Estefan\u00eda Santoro<\/a><\/p>\n\n\n\n<p>En los pasillos del Hospital Laura Bonaparte el aire se ha vuelto denso, atravesado por la incertidumbre de no saber qui\u00e9n estar\u00e1 del otro lado del escritorio en la pr\u00f3xima cita. Lo que supo ser&nbsp;<strong>una instituci\u00f3n nacional de referencia&nbsp;<\/strong>en el abordaje de la salud mental y las adicciones -pionera en la contenci\u00f3n humana e integral- atraviesa una sangr\u00eda ininterrumpida. Entre las oleadas de despidos directos y las constantes renuncias de profesionales asfixiadxs por contrataciones precarias y salarios que ni siquiera cubren el costo de los vi\u00e1ticos,&nbsp;<strong>la atenci\u00f3n se desintegra<\/strong>. Detr\u00e1s de los discursos oficiales de ajuste, la realidad estalla en la cotidianeidad de quienes concurren a atenderse: la falta de una firma para autorizar una receta o la partida intempestiva de unx psiquiatra se traducen, sin eufemismos, en la antesala de una crisis.<\/p>\n\n\n\n<p>Paula conoce de memoria el mapa del hospital. Se atiende all\u00ed desde 2022 para llevar adelante un tratamiento por depresi\u00f3n grave y ha sido testigo directa del retroceso en la calidad prestacional. \u201cLa situaci\u00f3n en el Bonaparte, desde el conocimiento que tenemos los pacientes, es m\u00e1s que nada de&nbsp;<strong>una precarizaci\u00f3n absoluta&nbsp;<\/strong>hacia el personal del hospital y, sobre todo a partir de eso, la precarizaci\u00f3n hacia los pacientes en cuanto a lo que es prestaciones y atenci\u00f3n con los equipos que ya ven\u00edamos trabajando\u201d, explica sin rodeos.<\/p>\n\n\n\n<p>El impacto del vaciamiento excede el \u00e1mbito estricto de la consulta psiqui\u00e1trica. Seg\u00fan relata, la&nbsp;<strong>disoluci\u00f3n de los equipos interdisciplinarios&nbsp;<\/strong>ocurrida a partir de las primeras tandas de despidos destruy\u00f3 dispositivos clave que conten\u00edan realidades sociales y m\u00e9dicas sumamente complejas. \u201cAl haberse desarmado muchos equipos interdisciplinarios que hab\u00eda,&nbsp;<strong>muchos pacientes dejaron de concurrir<\/strong>, no solamente a hacerse la atenci\u00f3n dentro de los grupos terap\u00e9uticos del hospital o las intervenciones interdisciplinarias, sino que adem\u00e1s no concurrieron a otras \u00e1reas de atenci\u00f3n: muchas chicas dejaron de ir a ginecolog\u00eda, o descontinuaron, o recayeron en situaciones de adicciones que ten\u00edan previamente\u201d, advierte.<\/p>\n\n\n\n<figure class=\"wp-block-image\"><img decoding=\"async\" src=\"https:\/\/www.pagina12.com.ar\/resizer\/v2\/NUFY24BP5NFM7EQRW7UCXNO7JQ.jpg?quality=75&amp;auth=1e0d38a39143ad4185225d40ca56cd5502f255fad971ac4901a23a63acc615d7&amp;width=1920\" alt=\"\"\/><figcaption class=\"wp-element-caption\"><strong>Pegatina en el hospital.&nbsp;<\/strong>Gala Abramovich<\/figcaption><\/figure>\n\n\n\n<p>Para quien transita un abordaje en salud mental, la p\u00e9rdida de continuidad terap\u00e9utica act\u00faa como un golpe directo a la salud. \u201cDebido a todas estas interrupciones, saltos y cambios de profesionales dentro del hospital, uno es como que retrocede un poquito. No es que se retrocede en el tratamiento, pero tenemos m\u00e1s dificultades a sortear. No tenemos el camino completamente allanado de decir \u2018hace cuatro a\u00f1os que estoy en el hospital y lo m\u00edo es solamente evolucionar\u2019\u201d, se\u00f1ala Paula.&nbsp;<strong>A esto se le suma el costo de vida y el aumento del transporte p\u00fablico<\/strong>, que dificulta el traslado de quienes llegan desde lejos. \u201cSe ha ido precarizando de a poco y todo eso deriva en que no es un solo factor por el cual concurre menos gente al hospital, son un mont\u00f3n. Y el shock de haber discontinuado tratamientos con los equipos interdisciplinarios que ten\u00edamos fue el primer shock que tuvimos\u201d.<\/p>\n\n\n\n<p>La renuncia de profesionales, empujada por la falta de nombramientos estables, deja a lxs pacientes en un estado de vulnerabilidad permanente. Paula describe el momento en el que se encuentra frente a la interrupci\u00f3n del esquema psiqui\u00e1trico que ven\u00eda realizando: \u201cLos profesionales est\u00e1n bajo condiciones de absoluta precarizaci\u00f3n dentro del hospital, sin contratos. Ni bien les sale otra oportunidad laboral es l\u00f3gico que renuncien y se vayan porque tienen familias que mantener y horizontes personales.&nbsp;<strong>Eso hace que los pacientes tengamos que volver a empezar.<\/strong>&nbsp;Si bien el hospital me garantiza todav\u00eda la medicaci\u00f3n, no s\u00e9 por cu\u00e1nto tiempo. Tampoco tengo idea de cu\u00e1nto tiempo me va a llevar terminar esto porque es lo que va decidiendo el m\u00e9dico. La inseguridad que nos genera a muchos pacientes es que de un d\u00eda para el otro nos digan \u2018no ten\u00e9s m\u00e1s psiquiatra\u2019\u201d.<\/p>\n\n\n\n<p>Ante la falta de horizonte, los propios usuarixs intentan tejer redes para reclamar la continuidad de sus derechos y exigir que no se sobrecargue a\u00fan m\u00e1s a la escasa planta de trabajadores de la salud que resisten. \u201cNosotros nos venimos reuniendo para ver qu\u00e9 hacemos para seguir presionando que el Estado nos garantice los tratamientos, porque de eso se trata. Si hay alguna baja de personal, que se cubra. Pero que se motive a que se cubra, porque&nbsp;<strong>la precarizaci\u00f3n de los salarios hace que sea poco atractivo para un profesional quedarse a trabajar en el hospital<\/strong>. Reparar a 200 o 50 pacientes entre una cantidad de personal que ya estaba sobrecargada es desde nuestra perspectiva bastante injusto. No hay una \u00e9tica desde el Estado, no hay una planificaci\u00f3n desde lo humanitario; solo hay una planificaci\u00f3n desde lo econ\u00f3mico. Queremos y vamos a exigir que se designe personal para el hospital, no queremos seguir recargando a la gente que ya est\u00e1. Queremos condiciones dignas para el trabajo de todos los que est\u00e1n laburando en el hospital\u201d.<\/p>\n\n\n\n<figure class=\"wp-block-image\"><img decoding=\"async\" src=\"https:\/\/www.pagina12.com.ar\/resizer\/v2\/TMEPUP54DVFCZFLQNHQZSYLQZ4.jpg?quality=75&amp;auth=1b85cc3a78af36fecaadd12c74648f93e151ea4f7128f0ce06e5e54178167ad3&amp;width=1920\" alt=\"\"\/><figcaption class=\"wp-element-caption\"><strong>La renuncia de profesionales, empujada por la falta de nombramientos estables, deja a lxs pacientes en un estado de vulnerabilidad permanente.&nbsp;<\/strong>Gala Abramovich<\/figcaption><\/figure>\n\n\n\n<p><strong>La segunda oportunidad amenazada<\/strong><\/p>\n\n\n\n<p>El impacto social del achicamiento estatal golpea con particular violencia a quienes&nbsp;<strong>encontraron en la salud p\u00fablica una salvaci\u00f3n&nbsp;<\/strong>cuando la marginalidad o la falta de recursos les cerraban todas las puertas. Flor tiene 34 a\u00f1os y lleg\u00f3 al Bonaparte en 2020, en plena vigencia de las restricciones por la pandemia. Con un diagn\u00f3stico de trastorno l\u00edmite de la personalidad y una problem\u00e1tica de consumo, define su paso por la instituci\u00f3n como el acceso a una vida que cre\u00eda inalcanzable.<\/p>\n\n\n\n<p>\u201cEn la pandemia funcionaba de una manera espectacular. La atenci\u00f3n interdisciplinaria de psic\u00f3logos, psiquiatras, trabajadores sociales era excelente. A m\u00ed me dieron una segunda oportunidad, como si fuese un videojuego u otra vida\u201d, evoca Flor. \u201cYo pensaba que no hab\u00eda mucho m\u00e1s que lo que yo ya ten\u00eda, que era una patolog\u00eda de base e intentos en un mont\u00f3n de otros lugares, incluso con prepagas que no me funcionaron.&nbsp;<strong>Llegu\u00e9 al hospital porque no ten\u00eda cobertura durante la pandemia&nbsp;<\/strong>y estaba muy mal. Ac\u00e1 es todo un proceso terap\u00e9utico: uno llega como los gatos cuando se escapan y vuelven todos lastimados. Uno llega lastimado de adentro, de afuera, de todos lados, a nivel ps\u00edquico, mental, f\u00edsico. Es todo un proceso de recuperaci\u00f3n que me permiti\u00f3 estar articulada socialmente. Tengo una vida normal gracias al hospital: trabajo, estudio, recuper\u00e9 mis v\u00ednculos, me encanta trabajar, pude comprarme mis cosas. De otro modo no lo podr\u00eda haber hecho, o ni siquiera estar\u00eda pudiendo hablar con vos, porque cuando llegu\u00e9 estaba ida\u201d.<\/p>\n\n\n\n<p><strong>Esa estructura subjetiva y social construida a lo largo de a\u00f1os amenaza con desmoronarse tras las sucesivas olas de vaciamiento.<\/strong>&nbsp;La salida de profesionales dej\u00f3 a cientos de usuarixs en un limbo administrativo y m\u00e9dico que compromete la entrega de los psicof\u00e1rmacos. \u201cPasamos por diferentes etapas de desmantelamiento. Hubo una primera oleada con un despido masivo que zaf\u00e9, pero hoy actualmente me encuentro sin medicaci\u00f3n. Mi psiquiatra renunci\u00f3, no la echaron. Y el tema es que hay pacientes que nos quedamos sin cobertura psiqui\u00e1trica. El hospital est\u00e1 funcionando solamente con tres psiquiatras para todo el hospital, para las guardias, para todo\u201d.<\/p>\n\n\n\n<p>Flor enfatiza que la falta de seguimiento m\u00e9dico y la imposibilidad de conseguir los remedios por fuera del circuito p\u00fablico sit\u00faan a los pacientes al borde de un abismo cotidiano. \u201cEl equivalente de esa medicaci\u00f3n no lo puedo cubrir ni por broma. Cuando vos ten\u00e9s una patolog\u00eda de base, implica muchos riesgos, no solo el riesgo a recaer en adicciones, sino riesgos que exponen nuestra vulnerabilidad y nuestra dignidad.&nbsp;<strong>En los casos m\u00e1s complejos es pr\u00e1cticamente un abandono de persona.&nbsp;<\/strong>Hay personas que no cuentan con redes de apoyo, que no tienen ni un celular para hacer un llamado, que no tienen familia porque sus pap\u00e1s fallecieron o por problemas vinculares\u201d.<\/p>\n\n\n\n<p>La falta de medicaci\u00f3n no tard\u00f3 en manifestar sus secuelas en el cuerpo y en la mente, reabriendo puertas que los tratamientos hab\u00edan logrado cerrar. \u201cHoy estoy bien, estoy equilibrada, pero hay momentos del d\u00eda que me agarra un baj\u00f3n porque tengo mucha angustia.&nbsp;<strong>Tengo una reserva de medicaci\u00f3n, pero cuando se me termine no s\u00e9 qu\u00e9 voy hacer.<\/strong>&nbsp;Hace unas semanas atr\u00e1s estuve dos d\u00edas enteros con una ansiedad terrible, sin poder dormir, y a pesar de que estoy tomando la medicaci\u00f3n estoy con el Jes\u00fas en la boca todo el tiempo, como dir\u00eda mi madre, esperando un cachetazo todo el tiempo. Y as\u00ed estamos desde la primera oleada de despidos.\u201d<\/p>\n\n\n\n<p>En su relato, la deshumanizaci\u00f3n generalizada entra en contradicci\u00f3n directa con el discurso meritocr\u00e1tico de la productividad: \u201cSi lo que se busca es producci\u00f3n, dejando a las personas desarticuladas socialmente, desarticuladas del sistema sanitario, de la salud p\u00fablica, de su dignidad y de lo m\u00e1s vital, la realidad es que uno queda a la deriva. Y vamos a ser realistas: no hay muchos caminos a seguir cuando est\u00e1s perdido y no ten\u00e9s un soporte de nada.&nbsp;<strong>Al no haber contenci\u00f3n psicol\u00f3gica es m\u00e1s probable que una persona sufra un brote<\/strong>&nbsp;y termine en la c\u00e1rcel, tenga un problema legal, o haga cosas que la medicaci\u00f3n le permit\u00eda no hacer. Si nos sac\u00e1s lo que nos permite estar encendidos y articulados, no se puede sostener un trabajo, no se puede sostener una familia de manera funcional, no se puede proyectar a futuro, ni siquiera trabajar en el amor propio. \u00bfQu\u00e9 amor propio vas a querer trabajar si no hay dignidad?\u201d.<\/p>\n\n\n\n<p>Frente al deterioro, Flor desvincula de forma tajante al personal de la responsabilidad por el colapso y destaca la labor que realizan en medio de la precariedad: \u201c<strong>A los trabajadores no los responsabilizamos de nada porque la realidad es que lo est\u00e1n dejando todo<\/strong>. Est\u00e1n yendo a la guerra con un tenedor. Son de trinchera literal. Cuando digo que me saco el sombrero es porque son profesionales s\u00faper id\u00f3neos que reciben casos de trinchera y que tienen un nivel de compromiso que hace que nos acompa\u00f1en.\u201d<\/p>\n\n\n\n<figure class=\"wp-block-image\"><img decoding=\"async\" src=\"https:\/\/www.pagina12.com.ar\/resizer\/v2\/YMRVSFZ3XZAJPJBHHCONY6U7YU.jpg?quality=75&amp;auth=4eda877bcec6d82115ca41f541cd5867c6bfd3a07451484793d546ce1084eb8f&amp;width=1920\" alt=\"\"\/><figcaption class=\"wp-element-caption\"><strong>Vaciar es cerrar.&nbsp;<\/strong>Gala Abramovich<\/figcaption><\/figure>\n\n\n\n<p><strong>El dolor y la impotencia de las familias<\/strong><\/p>\n\n\n\n<p>La angustia por la falta de insumos y profesionales traspasa las fronteras individuales e impacta de lleno en los hogares que acompa\u00f1an los padecimientos de salud mental.&nbsp;<strong>Virginia es jubilada y madre de Enzo, un joven diagnosticado con esquizofrenia<\/strong>&nbsp;que realiza su tratamiento en el Bonaparte desde hace casi cuatro a\u00f1os. Su voz condensa la desesperaci\u00f3n de quienes ven interrumpida la asistencia m\u00e9dica de sus hijos sin obtener ninguna alternativa estatal.<\/p>\n\n\n\n<p>\u201cMi hijo es paciente del hospital y se qued\u00f3 sin psiquiatra\u201d, denuncia Virginia. \u201cY por l\u00f3gica, al no tener psiquiatra, tampoco pueden darle la medicaci\u00f3n, porque un psic\u00f3logo no puede medicar. \u00c9l tiene su psic\u00f3loga y el psiquiatra era maravilloso. Hay que tener en cuenta tambi\u00e9n que la relaci\u00f3n entre el paciente y el profesional no es que se haga de un d\u00eda para otro, es un v\u00ednculo que se va haciendo con el tiempo.&nbsp;<strong>Mi hijo estaba muy contento con su psiquiatra, y \u00e9l tuvo que renunciar<\/strong>&nbsp;porque eran muy precarias las condiciones laborales en las que estaba. Se qued\u00f3 sin psiquiatra y directamente le dicen \u2018and\u00e1 a tu obra social\u2019. Yo no tengo obra social, soy jubilada, y la obra social que le qued\u00f3 a \u00e9l no tiene psiquiatra\u201d.<\/p>\n\n\n\n<p>La esquizofrenia, explica Virginia, exige una continuidad psicofarmacol\u00f3gica rigurosa para evitar descompensaciones severas que pongan en riesgo la integridad del paciente o de su entorno. \u201c\u00c9l necesita s\u00ed o s\u00ed la medicaci\u00f3n. En este momento no est\u00e1 sin medicaci\u00f3n porque el m\u00e9dico le dej\u00f3 para unos d\u00edas, pero se va a quedar sin medicaci\u00f3n prontamente. Hubo un momento en la historia de Enzo que qued\u00f3 sin medicaci\u00f3n y estuvo muy mal.&nbsp;<strong>No puede estar sin medicaci\u00f3n&nbsp;<\/strong>directamente. Y as\u00ed como \u00e9l, hay una cantidad de gente que qued\u00f3 a la deriva sin eso que es esencial para sus vidas\u201d.<\/p>\n\n\n\n<p>Para las familias, el vaciamiento institucional se percibe como un acto de crueldad sistem\u00e1tica. \u201c<strong>Esta situaci\u00f3n de ajuste es absolutamente deshumana<\/strong>\u201d, manifiesta Virginia con indignaci\u00f3n. \u201cNo hay explicaci\u00f3n l\u00f3gica, es absolutamente homicida. No puede ser que la gente no tenga su medicaci\u00f3n, que los jubilados no tengan su medicaci\u00f3n, que PAMI no entregue. Es de una crueldad que creo que no hubo en la historia de la Argentina. Dejar a la gente sin medicaci\u00f3n es abandono de paciente.\u201d<\/p>\n\n\n\n<p>Frente al desamparo oficial, pacientes y familiares intentan articular respuestas colectivas, recurriendo a presentaciones ante organismos de derechos humanos y amparos judiciales para frenar lo que consideran un ataque directo al derecho a la salud mental.\u00a0<strong>Para Virginia, el valor del hospital excede por mucho la infraestructura f\u00edsica: \u201cPara nosotros el hospital es todo.<\/strong>\u00a0El nivel de humanidad con que se trabaja ah\u00ed, c\u00f3mo se contiene y se cuida a los pacientes no tiene palabras\u201d. Sin embargo, mientras las autoridades nacionales persistan en recortar donde la vida quema,\u00a0<strong>la trinchera del Bonaparte lucha por no convertirse en un lugar de ausencia<\/strong><\/p>\n\n\n\n<hr class=\"wp-block-separator has-alpha-channel-opacity\"\/>\n\n\n\n<p><\/p>\n","protected":false},"excerpt":{"rendered":"<p>El vaciamiento del Bonaparte contado por sus usuarias Por las decisiones de vaciamiento, despidos masivos&#8230;<\/p>\n","protected":false},"author":4,"featured_media":0,"comment_status":"open","ping_status":"open","sticky":false,"template":"","format":"standard","meta":{"footnotes":""},"categories":[1],"tags":[],"class_list":["post-1117","post","type-post","status-publish","format-standard","hentry","category-uncategorized"],"_links":{"self":[{"href":"https:\/\/radiola25.com.ar\/index.php\/wp-json\/wp\/v2\/posts\/1117","targetHints":{"allow":["GET"]}}],"collection":[{"href":"https:\/\/radiola25.com.ar\/index.php\/wp-json\/wp\/v2\/posts"}],"about":[{"href":"https:\/\/radiola25.com.ar\/index.php\/wp-json\/wp\/v2\/types\/post"}],"author":[{"embeddable":true,"href":"https:\/\/radiola25.com.ar\/index.php\/wp-json\/wp\/v2\/users\/4"}],"replies":[{"embeddable":true,"href":"https:\/\/radiola25.com.ar\/index.php\/wp-json\/wp\/v2\/comments?post=1117"}],"version-history":[{"count":1,"href":"https:\/\/radiola25.com.ar\/index.php\/wp-json\/wp\/v2\/posts\/1117\/revisions"}],"predecessor-version":[{"id":1119,"href":"https:\/\/radiola25.com.ar\/index.php\/wp-json\/wp\/v2\/posts\/1117\/revisions\/1119"}],"wp:attachment":[{"href":"https:\/\/radiola25.com.ar\/index.php\/wp-json\/wp\/v2\/media?parent=1117"}],"wp:term":[{"taxonomy":"category","embeddable":true,"href":"https:\/\/radiola25.com.ar\/index.php\/wp-json\/wp\/v2\/categories?post=1117"},{"taxonomy":"post_tag","embeddable":true,"href":"https:\/\/radiola25.com.ar\/index.php\/wp-json\/wp\/v2\/tags?post=1117"}],"curies":[{"name":"wp","href":"https:\/\/api.w.org\/{rel}","templated":true}]}}