{"id":1114,"date":"2026-09-01T12:36:52","date_gmt":"2026-09-01T15:36:52","guid":{"rendered":"https:\/\/radiola25.com.ar\/?p=1114"},"modified":"2026-09-01T12:36:53","modified_gmt":"2026-09-01T15:36:53","slug":"hackear-a-peter-thiel","status":"publish","type":"post","link":"https:\/\/radiola25.com.ar\/index.php\/2026\/09\/01\/hackear-a-peter-thiel\/","title":{"rendered":"Hackear a Peter Thiel"},"content":{"rendered":"\n<p>Una investigaci\u00f3n anfibia<br><br><\/p>\n\n\n\n<p>Peter Thiel sorprendi\u00f3 cuando este a\u00f1o decidi\u00f3 instalarse en Argentina, pero el m\u00e1s poderoso de los tecnomagnates ronda nuestro pa\u00eds hace m\u00e1s de diez a\u00f1os. Anfibia, en alianza con RSF, reconstruye su rastro. El intento de quedarse con los datos de la causa Amia. El adelantado de las ciudades futuristas privadas que vino a tantear el terreno. Los argentinos becados por su fundaci\u00f3n. Los abogados, pol\u00edticos y empresarios que prepararon su llegada. \u00bfVino a hacer dinero? \u00bfVino por la tierra? \u00bfO busca algo m\u00e1s?<\/p>\n\n\n\n<h4 class=\"wp-block-heading\">Por:&nbsp;<a href=\"https:\/\/www.revistaanfibia.com\/autor\/juan-luis-gonzalez\/\">Juan Luis Gonz\u00e1lez<\/a><\/h4>\n\n\n\n<h4 class=\"wp-block-heading\"><a href=\"https:\/\/www.revistaanfibia.com\/autor\/giselle-leclercq\/\">Giselle Leclercq<\/a><\/h4>\n\n\n\n<figure class=\"wp-block-image size-large\"><img loading=\"lazy\" decoding=\"async\" width=\"1024\" height=\"576\" src=\"https:\/\/radiola25.com.ar\/wp-content\/uploads\/2026\/09\/image-1024x576.png\" alt=\"\" class=\"wp-image-1115\" srcset=\"https:\/\/radiola25.com.ar\/wp-content\/uploads\/2026\/09\/image-1024x576.png 1024w, https:\/\/radiola25.com.ar\/wp-content\/uploads\/2026\/09\/image-300x169.png 300w, https:\/\/radiola25.com.ar\/wp-content\/uploads\/2026\/09\/image-768x432.png 768w, https:\/\/radiola25.com.ar\/wp-content\/uploads\/2026\/09\/image-1536x864.png 1536w, https:\/\/radiola25.com.ar\/wp-content\/uploads\/2026\/09\/image.png 1920w\" sizes=\"auto, (max-width: 1024px) 100vw, 1024px\" \/><\/figure>\n\n\n\n<p><strong><em>Esta investigaci\u00f3n fue posible gracias al apoyo de Reporteros Sin Fronteras<\/em>.<\/strong><\/p>\n\n\n\n<p>La presencia de Peter Thiel en Argentina abri\u00f3 un sinf\u00edn de dudas y preguntas: c\u00f3mo se gest\u00f3 su llegada, la decisi\u00f3n de vivir en Barrio Norte, qui\u00e9n le manej\u00f3 su rutina en Buenos Aires. \u00bfQu\u00e9 vino a hacer realmente? La mayor\u00eda de las personas que tuvieron contacto directo con \u00e9l se negaron a hablar o a contestar preguntas sobre sus intenciones y otras tan triviales como de qu\u00e9 escena de&nbsp;<em>El Se\u00f1or de los Anillos<\/em>&nbsp;son los tapizados que mand\u00f3 a poner en su nueva mansi\u00f3n. Desde Juan Grabois hasta Mauricio Macri, pasando por los due\u00f1os del club de Almagro al que fue a jugar al ajedrez, o los padres del colegio al que mand\u00f3 a sus tres hijas, nadie quiso decir una sola palabra.&nbsp;<\/p>\n\n\n\n<p>La misma actitud tuvieron algunas fuentes que tienen contacto fluido con los dos periodistas que trabajamos todos los d\u00edas, durante un mes y medio, en esta investigaci\u00f3n. Cuando aparec\u00eda el nombre de Peter Thiel, se cerraban.<\/p>\n\n\n\n<p>Sin embargo, el tecnomagnate m\u00e1s influyente de Silicon Valley no logr\u00f3 borrar todas sus huellas. Las personas pueden callar, pero los documentos hablan.&nbsp;<\/p>\n\n\n\n<p>El Bolet\u00edn Oficial nos dio la primera pista para rastrear a los misteriosos intermediarios que lo ayudaron a comprar la mansi\u00f3n. Uno de ellos estuvo a cargo del Departamento Legal de la iglesia mormona para el Cono Sur y el otro aport\u00f3 para la campa\u00f1a de Juntos por el Cambio en 2023, seg\u00fan qued\u00f3 registrado en la C\u00e1mara Nacional Electoral.&nbsp;<\/p>\n\n\n\n<p>Las solicitudes de acceso a la informaci\u00f3n en la Inspecci\u00f3n General de Justicia (IGJ) permitieron desentra\u00f1ar una trama societaria detr\u00e1s de la cual aparecieron dos ejecutivos de Thiel Capital.&nbsp;<\/p>\n\n\n\n<p>El Instituto Nacional de la Propiedad Intelectual (INPI) revel\u00f3 que Thiel hab\u00eda puesto un ojo en Argentina durante el gobierno de Alberto Fern\u00e1ndez, en 2022, cuando inscribi\u00f3 su marca.&nbsp;<\/p>\n\n\n\n<p>Los registros de la Casa Rosada revelaron que el cofundador de Pr\u00f3spera, la ciudad privada de Honduras financiada por Thiel, se reuni\u00f3 con funcionarios del gobierno de Milei antes que el propio empresario tecnol\u00f3gico.&nbsp;<\/p>\n\n\n\n<p>Y un archivo period\u00edstico arroj\u00f3 un dato inquietante: Thiel intent\u00f3 entrar a la Argentina por primera vez hace diez a\u00f1os, cuando estuvo a punto de quedarse con los archivos secretos de la AMIA. Hoy, esa informaci\u00f3n sobre la que fue posible volver y profundizar, adquiere un nuevo significado.&nbsp;<\/p>\n\n\n\n<p>La que sigue es la historia jam\u00e1s contada sobre los meses que Thiel pas\u00f3 entre nosotros.<\/p>\n\n\n\n<h2 class=\"wp-block-heading\">La larga huella de Palantir<\/h2>\n\n\n\n<p>El jueves 23 de abril, luego de cerrar la sala de periodistas por primera vez en la historia de la democracia, Javier Milei recibi\u00f3 a Thiel en la Casa Rosada. Fue el cuarto encuentro que mantuvieron cara a cara, pero fue mucho m\u00e1s que eso: sirvi\u00f3 como el anuncio formal de que el tecnomagnate hab\u00eda llegado a vivir a Argentina.<\/p>\n\n\n\n<p>Desde entonces se instal\u00f3 una pregunta de escala global: \u00bfPor qu\u00e9 Thiel tom\u00f3 de la mano a Kristina, Victoria y Marie, sus tres peque\u00f1as hijas, y junto a su esposo, Matt Danzesein, vinieron hasta este rinc\u00f3n del fin del mundo? \u00bfQu\u00e9 vino a hacer ac\u00e1 alguien que tiene una fortuna de casi 32 mil millones de d\u00f3lares y que, seg\u00fan Forbes, es uno de los cien hombres m\u00e1s ricos del mundo? Para entender los pasos del personaje no hab\u00eda que empezar pregunt\u00e1ndose por el qu\u00e9 sino por el cu\u00e1ndo.<\/p>\n\n\n\n<figure class=\"wp-block-image\"><img decoding=\"async\" src=\"https:\/\/www.revistaanfibia.com\/wp-content\/uploads\/2026\/08\/MANSION-THIEL.jpg\" alt=\"\" title=\"MANSION-THIEL\"\/><\/figure>\n\n\n\n<p><em><sup>La casa de Peter Thiel en Buenos Aires, en Dardo Rocha al 2900<\/sup><\/em><\/p>\n\n\n\n<p>No fue, como sostiene el relato libertario, el triunfo de Milei y el auge de su \u201cfen\u00f3meno barrial\u201d lo que hizo que Thiel empezase a mirar Argentina. Su inter\u00e9s ven\u00eda de antes.&nbsp;<\/p>\n\n\n\n<p>Por un lado la preocupaci\u00f3n por la energ\u00eda, frente a lo que los expertos en el tema llaman \u201cphase transition\u201d: el parteaguas que llevar\u00eda a la IA a la \u201c<a href=\"https:\/\/www.revistaanfibia.com\/la-superinteligencia-inteligencia-artificial\/\">superinteligencia<\/a>\u201d, mayor a toda la humanidad combinada en lo que involucre tareas cognitivas. En enero de 2026, Elon Musk pronostic\u00f3 que ese momento llegar\u00e1 entre 2030 y 2031. Y el primer gran socio de Thiel dijo algo m\u00e1s: \u201cEl factor limitante de la IA es la energ\u00eda\u201d. Hace tiempo que en Silicon Valley advierten esa necesidad y ya el a\u00f1o pasado Sam Altman, otro que sali\u00f3 de la escuder\u00eda Thiel, anticip\u00f3 la creaci\u00f3n de grandes data centers por fuera de Estados Unidos. Uno de ellos, no casualmente,&nbsp;<a href=\"https:\/\/www.revistaanfibia.com\/la-patagonia-del-tio-sam\/\">vendr\u00eda a estar en Argentina<\/a>. Para solucionar este cuello de botella energ\u00e9tico los tecnomagnates planearon el desembarco en pa\u00edses no desarrollados que pudieran satisfacer sus demandas.<\/p>\n\n\n\n<p>Pero Thiel no es due\u00f1o de estos gigantescos edificios llenos de hardware donde se ejecuta f\u00edsicamente la IA y se dispara la demanda de energ\u00eda mundial. Palantir, su empresa m\u00e1s relevante, es antes que todo una plataforma que recopila datos, pero para existir necesita s\u00ed o s\u00ed los centros de c\u00f3mputos.&nbsp;<\/p>\n\n\n\n<p>El 6 de junio de 2022, cuando Milei med\u00eda apenas unos puntos para las elecciones nacionales, Palantir Technologies se registr\u00f3 como marca en el Instituto Nacional de la Propiedad Intelectual (INPI). A trav\u00e9s del estudio de abogados Berton Moreno IP LAW, la empresa de Thiel declar\u00f3 ante el Estado argentino que ven\u00eda a ofrecer, entre otras cosas, \u201csoftware no descargable de inteligencia artificial perimetral; software para el an\u00e1lisis, organizaci\u00f3n, marcadores sociales y seguimiento de datos e informaci\u00f3n geoespaciales, cartogr\u00e1ficos y de localizaci\u00f3n; software no descargable para el procesamiento de datos para su uso en la investigaci\u00f3n avanzada de productos, ingenier\u00eda, y dise\u00f1o en el \u00e1mbito de la seguridad nacional\u201d.<\/p>\n\n\n\n<p>Al final, la resoluci\u00f3n aclara que \u201ctodos los servicios mencionados anteriormente son dise\u00f1ados y comercializados para usuarios gubernamentales, empresariales u otros usuarios institucionales, excepto para consumidores individuales y no distribuidos a trav\u00e9s de canales minoristas\u201d. Thiel s\u00f3lo piensa en grande.<\/p>\n\n\n\n<figure class=\"wp-block-image\"><img decoding=\"async\" src=\"https:\/\/www.revistaanfibia.com\/wp-content\/uploads\/2026\/08\/PALANTIR.jpg\" alt=\"\" title=\"PALANTIR\"\/><\/figure>\n\n\n\n<p><em><sup>Palantir intenta hacerse con datos de Argentina por lo menos desde 2017<\/sup><\/em><\/p>\n\n\n\n<p>La b\u00fasqueda que hicimos en el registro del INPI respondi\u00f3 a una de las hip\u00f3tesis que giran alrededor de la presencia de Thiel en Argentina: vino a hacer negocios. A pesar de que era esperable la inscripci\u00f3n de la marca, haber garantizado que nadie m\u00e1s utilizara su nombre en el pa\u00eds cuatro a\u00f1os atr\u00e1s abri\u00f3 una pregunta: \u00bfhubo otro antecedente?&nbsp;<\/p>\n\n\n\n<p>Una b\u00fasqueda avanzada en Google con filtro de fecha arroj\u00f3 un primer resultado inesperado. El 8 de septiembre de 2017, el diario Perfil public\u00f3 una nota titulada \u201cAMIA: impulsan un contrato con una firma vinculada a la CIA que espi\u00f3 en el pa\u00eds\u201d.&nbsp;<a href=\"https:\/\/www.perfil.com\/noticias\/politica\/impulsan-un-contrato-con-una-firma-vinculada-a-la-cia-que-espio-en-el-pais.phtml\">El texto<\/a>, firmado por Aurelio Tom\u00e1s, revelaba que Palantir quer\u00eda quedarse con la digitalizaci\u00f3n de los archivos secretos de esa causa. Se trataba de una iniciativa impulsada por el entonces Ministerio de Modernizaci\u00f3n del gobierno de Macri, a cargo de Andr\u00e9s Ibarra, en un acuerdo con el Ministerio de Justicia de Germ\u00e1n Garavano.&nbsp;<\/p>\n\n\n\n<p>El tema parec\u00eda estar avanzado. Seg\u00fan confirm\u00f3 Tom\u00e1s, el 13 de abril de aquel a\u00f1o un directivo norteamericano de la empresa de Thiel hab\u00eda viajado hasta Argentina para realizar, en el Ministerio de Modernizaci\u00f3n, un \u201cdemo\u201d ante la Unidad Fiscal de Investigaciones AMIA (UFI AMIA). \u201cLos fiscales mostraron preocupaci\u00f3n porque est\u00e1n en juego archivos secretos\u201d, cont\u00f3 el art\u00edculo. Adem\u00e1s, los productos inform\u00e1ticos de Palantir \u201cfueron mostrados a otras instancias sensibles del Estado, como la Unidad de Informaci\u00f3n Financiera (UIF)\u201d.&nbsp;<\/p>\n\n\n\n<p>Durante la investigaci\u00f3n accedimos a un documento que present\u00f3 la UFI-AMIA para acompa\u00f1ar el reclamo de la organizaci\u00f3n y a la sentencia. La Agrupaci\u00f3n por el Esclarecimiento de la Masacre Impune de la AMIA (APEMIA) llev\u00f3 el caso a la Justicia. La organizaci\u00f3n pidi\u00f3 la inconstitucionalidad del Decreto 229\/7, que hab\u00eda empoderado a la Unidad Especial AMIA (UEI-AMIA) en el manejo de los archivos. El organismo funcionaba en la \u00f3rbita del Ministerio de Justicia&nbsp;y era se\u00f1alado como el impulsor de las gestiones con Palantir. Los jueces de la Sala I de la C\u00e1mara Criminal y Correccional Federal, Jorge Ballestero y Leopoldo Bruglia rechazaron el reclamo, pero establecieron que la UFI-AMIA deb\u00eda conservar el control exclusivo del relevamiento, manejo y custodia de la documentaci\u00f3n. As\u00ed, el intento de Thiel por administrar una de las bases de datos m\u00e1s sensibles de la historia reciente se diluy\u00f3.&nbsp;<\/p>\n\n\n\n<figure class=\"wp-block-image\"><img decoding=\"async\" src=\"https:\/\/www.revistaanfibia.com\/wp-content\/uploads\/2026\/08\/AMIA-Palantir.jpg\" alt=\"\" title=\"AMIA-Palantir\"\/><\/figure>\n\n\n\n<p><em><sup>La UEI-Amia estuvo a punto de entregar los datos de la causa a Palantir<\/sup><\/em><\/p>\n\n\n\n<p>Hablamos con Mario Cimadevilla, que estuvo al frente de la UEI-AMIA. En mensajes por escrito de WhatsApp, dijo que la gesti\u00f3n fue originada por la cartera conducida por Ibarra. Tambi\u00e9n confirm\u00f3 que hubo una reuni\u00f3n con Palantir, pero no en Buenos Aires. Asegur\u00f3 que del 7 al 12 de enero de 2017 Adolfo Athos Aguiar, un abogado de su equipo que falleci\u00f3 en 2019, y \u201crepresentantes\u201d de Modernizaci\u00f3n y de Justicia viajaron a Londres.<\/p>\n\n\n\n<p>Cimadevilla nos escribi\u00f3: \u201cFueron a un evento de presentaci\u00f3n y an\u00e1lisis de soluciones en materia de inteligencia, an\u00e1lisis de datos, procesos de discovery y documentaci\u00f3n. Y asistieron a una demostraci\u00f3n en las oficinas de Palantir, en Soho Square\u201d. Ibarra, por su parte, contest\u00f3 con un brev\u00edsimo mensaje de audio diciendo que no recordaba \u201cnada\u201d de toda esta historia ni de ning\u00fan v\u00ednculo con Palantir.<\/p>\n\n\n\n<p>La cronolog\u00eda comienza a ser m\u00e1s clara: primero Thiel intent\u00f3 quedarse con los secretos de una de las causas m\u00e1s oscuras de la historia de este pa\u00eds. Despu\u00e9s registr\u00f3 formalmente su empresa. Y luego se mud\u00f3 a Buenos Aires.&nbsp;<\/p>\n\n\n\n<h2 class=\"wp-block-heading\">Los abogados de Thiel en Buenos Aires<\/h2>\n\n\n\n<p>Marcos Cardoso es un abogado recibido en la UBA, con un posgrado en derecho aduanero y un m\u00e1ster en derecho en Northwestern University de Chicago. El momento m\u00e1s destacado de su carrera profesional, seg\u00fan su LinkedIn, fueron los a\u00f1os que pas\u00f3, entre 2010 y 2018, como letrado principal y encargado de las relaciones gubernamentales para todo el cono sur de la Iglesia de Jesucristo de los Santos de los \u00daltimos D\u00edas, conocida como la iglesia mormona.&nbsp;<\/p>\n\n\n\n<p>Eso cambi\u00f3. \u201cNo podemos hablar de nuestros clientes\u201d, fue la primera reacci\u00f3n de Cardoso cuando este medio se comunic\u00f3 con el tel\u00e9fono que aparece en la p\u00e1gina del estudio MRQ Abogados. La respuesta fue llamativa: nadie hab\u00eda hablado de ning\u00fan cliente.&nbsp;<\/p>\n\n\n\n<p>\u2014 No sab\u00edamos que Thiel era su cliente. Nos comunicamos por Birkdale Emprendimientos, la empresa que compr\u00f3 la casa en la calle Dardo Rocha.<\/p>\n\n\n\n<p>\u2014Tampoco \u2014dijo Cardoso luego de un silencio pronunciado\u2014. No podemos decir nada respecto de nada. No tenemos autorizaci\u00f3n. Tampoco dije que fuera cliente. Lo que digo es que no podemos hablar de nadie, sea o no sea cliente. Es un tema del que no tengo nada para decir.&nbsp;<\/p>\n\n\n\n<p>MRQ Abogados apareci\u00f3 en el radar de forma sencilla al buscar \u201cDardo Rocha 2928\u201d en el Bolet\u00edn Oficial. Birkdale Emprendimientos S.A.U. era la \u00fanica empresa que aparec\u00eda radicada en ese domicilio. Hab\u00eda sido constitu\u00edda el 2 de julio de 2025 por Mart\u00edn Rodrigo Quintanar, el fundador del estudio. Su socio, Cardoso, hab\u00eda sido designado como s\u00edndico titular. La sociedad, seg\u00fan consta en el documento, ten\u00eda por objeto desarrollar actividades inmobiliarias y celebrar contratos de fideicomiso.<\/p>\n\n\n\n<figure class=\"wp-block-image\"><img decoding=\"async\" src=\"https:\/\/www.revistaanfibia.com\/wp-content\/uploads\/2026\/08\/Marcos-Cardoso-abogado.png\" alt=\"\" class=\"wp-image-221809\"\/><\/figure>\n\n\n\n<figure class=\"wp-block-image\"><img decoding=\"async\" src=\"https:\/\/www.revistaanfibia.com\/wp-content\/uploads\/2026\/08\/MRQ.jpg\" alt=\"\" class=\"wp-image-221814\"\/><\/figure>\n\n\n\n<p><em><sup>Los abogados Marcos Cardoso y Mart\u00edn Rodr\u00edguez Quintanar<\/sup><\/em><\/p>\n\n\n\n<p>Existen oficinas en el microcentro porte\u00f1o que funcionan como \u201cpresta-domicilios\u201d y que pueden registrar a decenas de sociedades sin necesidad de vinculaci\u00f3n. Sin embargo, eso no suele pasar en uno de los barrios m\u00e1s exclusivos de la ciudad. Las siguientes resoluciones publicadas en el Bolet\u00edn Oficial lo confirmaron.&nbsp;<\/p>\n\n\n\n<p>Con el correr de los meses, Birkdale Emprendimientos hizo distintos movimientos: increment\u00f3 su capital (que comenz\u00f3 en $30.000.000 y lleg\u00f3 a $236.275.000), se convirti\u00f3 en una Sociedad An\u00f3nima y m\u00e1s tarde en una Sociedad de Responsabilidad Limitada e incorpor\u00f3 como accionistas a dos empresas estadounidenses: Birkdale Haven LLC y Ceylon Holdings LLC. La \u00faltima asamblea de la firma se celebr\u00f3 el 29 de abril de 2026, ya con Thiel en Argentina.&nbsp;<\/p>\n\n\n\n<p>En internet no hay rastros de Birkdale Emprendimientos. No existe un sitio web con ese nombre, una cuenta en redes sociales o un n\u00famero de contacto. Tambi\u00e9n resulta imposible rastrear a qu\u00e9 se dedican Birkdale Haven LLC y Ceylon Holdings LLC. Con la informaci\u00f3n p\u00fablica s\u00f3lo se pod\u00eda saber que hay una relaci\u00f3n entre los abogados del estudio MRQ, las empresas y la mansi\u00f3n, aunque sin mayores precisiones.&nbsp;<\/p>\n\n\n\n<p>Un tr\u00e1mite regular presentado ante el Registro de la Propiedad Inmueble sirvi\u00f3 para ordenar el rompecabezas. A 49 d\u00edas de haberse constituido, el 20 de agosto de 2025, Birkdale Emprendimientos compr\u00f3 la casa ubicada en Dardo Rocha 2924\/28 por el valor de US$13.500.000. La operaci\u00f3n se concret\u00f3 mediante la escritura N\u00b0 167 ante la escribana Claudia Beatriz Garc\u00eda Cort\u00ednez.<\/p>\n\n\n\n<p>Con el documento aparecieron nuevas inquietudes. \u00bfQuintanar y Cardoso eran los propietarios legales de la mansi\u00f3n o simplemente intermediarios? A trav\u00e9s de solicitudes de informaci\u00f3n presentadas ante la Inspecci\u00f3n General de Justicia (IGJ) se destaparon los verdaderos personajes detr\u00e1s de la operaci\u00f3n. Son dos nombres fuertes del tecnomagnate: David Wheelock,&nbsp;<em>general counsel<\/em>&nbsp;de Thiel Capital, y Will Tipton,&nbsp;<em>chief financial officer<\/em>.&nbsp;<\/p>\n\n\n\n<p>Seg\u00fan se inform\u00f3 ante el Registro P\u00fablico de la Ciudad de Buenos Aires, a cargo de la IGJ, Wheelock es el m\u00e1ximo responsable de Birkdale Haven LLC y Tipton su director financiero. La firma se constituy\u00f3 en Estados Unidos en febrero de 2025 y es propiedad de Lorien Holding, una sociedad radicada en Delaware.&nbsp;<\/p>\n\n\n\n<p>Para realizar gestiones en Argentina, Birkdale Haven design\u00f3 a Quintanar como su representante legal. Adem\u00e1s, para que lleven a cabo actuaciones en el \u00e1mbito nacional, provincial o local, se autoriz\u00f3 a otros seis abogados: Cardoso (quien atendi\u00f3 nuestra llamada), Sergio Dar\u00edo Restivo, Mercedes Lespiau, Natalia Paola Florido, Javier Fernando Gabarain y Francisco Pablo Restivo.<\/p>\n\n\n\n<figure class=\"wp-block-image\"><img decoding=\"async\" src=\"https:\/\/www.revistaanfibia.com\/wp-content\/uploads\/2026\/08\/Birkdale-Emprendimientos.jpg\" alt=\"\" title=\"Birkdale-Emprendimientos\"\/><\/figure>\n\n\n\n<p><em><sup>Birkdale es la firma que conecta a Thiel con Buenos Aires<\/sup><\/em><\/p>\n\n\n\n<p>El estudio de MRQ Abogados est\u00e1 ubicado en Palermo. Quintanar estudi\u00f3 abogac\u00eda en la Universidad del Salvador, obtuvo un diploma de postgrado en negocios en la Universidad de California (Berkeley, EE.UU.) y curs\u00f3 estudios en la Academia de Derecho Estadounidense e Internacional (Dallas, EE.UU.). Durante veinte a\u00f1os trabaj\u00f3 en el estudio Baker &amp; McKenzie, donde escal\u00f3 hasta ser socio. Con perfil bajo, su \u00fanica red social activa es LinkedIn. Sin embargo, cuando se busca su nombre en Google aparece mencionado en un<a href=\"https:\/\/elgritodelsur.com.ar\/2023\/07\/flybondi-los-herederos-de-neuss-y-contratistas-del-estado-la-lista-de-aportantes-portenos-a-la-campana-de-jxc\/\">&nbsp;art\u00edculo de julio de 2023<\/a>&nbsp;publicado en El Grito del Sur. El periodista Mat\u00edas Ferrari lo incluy\u00f3 en la lista de aportantes privados de la campa\u00f1a de Juntos por el Cambio.&nbsp;<\/p>\n\n\n\n<p>La informaci\u00f3n se puede verificar en el sitio de la C\u00e1mara Nacional Electoral. El 11 de julio de 2023, Quintanar aport\u00f3 $2.000.000 para las elecciones primarias de la Ciudad de Buenos Aires, en las que Jorge Macri era el candidato de JxC. Diez d\u00edas despu\u00e9s colabor\u00f3 con otros $2.000.000 que fueron destinados al orden nacional, donde compet\u00edan como precandidatos Horacio Rodr\u00edguez Larreta y Patricia Bullrich.&nbsp;<\/p>\n\n\n\n<p>\u00bfLos v\u00ednculos pol\u00edticos del abogado estar\u00e1n relacionados con la agenda de contactos que construye Thiel en Argentina? \u00bfLa aparici\u00f3n en esta trama de la iglesia mormona, alineada ideol\u00f3gicamente a la derecha, ser\u00e1 una casualidad?<\/p>\n\n\n\n<h2 class=\"wp-block-heading\">Alemania, Sud\u00e1frica, Estados Unidos, Argentina<\/h2>\n\n\n\n<p>Thiel no necesitaba residir en Argentina. No necesitaba armar durante largo tiempo un plan para desembarcar ac\u00e1. Su compa\u00f1\u00eda opera en m\u00e1s de veinte pa\u00edses en el mundo y \u00e9l no vivi\u00f3 en todos ellos. Palantir tiene contratos con el gobierno brasile\u00f1o desde la era de Jair Bolsonaro, un v\u00ednculo que continu\u00f3 durante el tercer mandato de Lula, pero el tecnomagnate no se mud\u00f3 a las playas de R\u00edo de Janeiro. \u00bfPor qu\u00e9 con Argentina sucedi\u00f3 otra cosa?<\/p>\n\n\n\n<p>En el gobierno insisten con que una de las razones radica en la excepcionalidad local. De todos los pa\u00edses del mundo hay s\u00f3lo uno dirigido por un fan\u00e1tico de Murray Rothbard, uno de los autores clave en la ideolog\u00eda de Thiel. Esa originalidad argenta conecta con otra: de todos los tecno bros de Silicon Valley hay s\u00f3lo uno que piensa m\u00e1s o menos lo mismo desde hace d\u00e9cadas. Mientras que Mark Zuckerberg era un liberal dem\u00f3crata y Elon Musk un ecologista que financiaba a Obama, Thiel se par\u00f3 literalmente como el \u00fanico de todo ese mundo que en 2016 respald\u00f3 con palabras y d\u00f3lares la primera candidatura de Trump.&nbsp;<\/p>\n\n\n\n<p>Para aquel momento, el due\u00f1o de Palantir llevaba m\u00e1s de tres d\u00e9cadas escribiendo, pensando y debatiendo como un conservador que luego se radicaliz\u00f3 al libertarianismo.<\/p>\n\n\n\n<figure class=\"wp-block-image\"><img decoding=\"async\" src=\"https:\/\/www.revistaanfibia.com\/wp-content\/uploads\/2026\/08\/THIEL-ARCHIVO-JOVEN.jpg\" alt=\"\" title=\"THIEL-ARCHIVO-JOVEN\"\/><\/figure>\n\n\n\n<p><em><sup>Peter Thiel en la d\u00e9cada del 90, antes de dar su gran salto como empresario y l\u00edder de los libertarios transhumanistas<\/sup><\/em><\/p>\n\n\n\n<p>Thiel es un personaje dif\u00edcil de clasificar. Al menos de 1998 en adelante: hasta aquel a\u00f1o, el joven que hab\u00eda nacido en Alemania en 1967 y se hab\u00eda criado en la Sud\u00e1frica del apartheid y en Estados Unidos, era un polemista frustrado, un abogado gris y un inversor m\u00e1s entre los tantos que en el \u00faltimo tramo de los noventa, en pleno boom de las punto com, se hab\u00eda mudado a buscar fortuna en Palo Alto, el coraz\u00f3n de Silicon Valley. Pero en 1998 todo cambi\u00f3: 24 horas despu\u00e9s de conocer a Max Levchin, un ucraniano inform\u00e1tico de 23 a\u00f1os con fama de superdotado y reci\u00e9n egresado de la universidad, le dio 250 mil d\u00f3lares para explotar una de sus ideas. Y as\u00ed naci\u00f3 Paypal, la primera billetera digital que adquiri\u00f3 masividad en el mundo.&nbsp;<\/p>\n\n\n\n<p>En esta operaci\u00f3n apareci\u00f3 el personaje en todo su esplendor: primero, como un inversor que sabe olfatear d\u00f3nde hay un negocio gigantesco para hacer \u2014a diferencia de otros, como Musk, creadores de la tecnolog\u00eda con la que luego lucran\u2014; y segundo, como un hombre de profundas convicciones. \u201cEsto va a ser revolucionario para todo el mundo: la erosi\u00f3n del Estado Naci\u00f3n\u201d, dijo Thiel a la prensa estadounidense sobre la compa\u00f1\u00eda el a\u00f1o de su creaci\u00f3n. Y agreg\u00f3: \u201cPaypal va a hacer imposible que los gobiernos usen la inflaci\u00f3n o la devaluaci\u00f3n para sacarle riqueza a sus ciudadanos\u201d.<\/p>\n\n\n\n<p>Desde entonces Thiel acumul\u00f3 poder y se radicaliz\u00f3. En 2009 sintetiz\u00f3 uno de sus latiguillos m\u00e1s famosos: \u201cYa no creo que la libertad y la democracia sean compatibles\u201d. Lo escribi\u00f3 en un ensayo titulado \u201cLa educaci\u00f3n de un libertario\u201d,&nbsp;<a href=\"https:\/\/www.cato-unbound.org\/2009\/04\/13\/peter-thiel\/education-libertarian\/\">publicado en el portal&nbsp;<\/a>del Instituto Cato. All\u00ed concentr\u00f3 su idea de que tal como est\u00e1 la democracia \u2014y en especial quienes gobiernan\u2014 frenan la innovaci\u00f3n tecnol\u00f3gica y la libertad que traer\u00eda.<\/p>\n\n\n\n<p>Para muchos de sus cr\u00edticos ah\u00ed se resume el esp\u00edritu de Palantir. A esta empresa la cre\u00f3 en 2003, luego de vender Paypal por 1.500 millones de d\u00f3lares. Y quien fue su principal sponsor en aquel arranque revela gran parte de c\u00f3mo sigui\u00f3 esta historia.&nbsp;<\/p>\n\n\n\n<p>En 2005, la CIA invirti\u00f3 alrededor de 2 millones de d\u00f3lares, un monto peque\u00f1o pero que sirvi\u00f3 para validar a la naciente empresa ante el mercado. Dos d\u00e9cadas despu\u00e9s, esa agencia de inteligencia, el FBI, la NASA, el Departamento de Salud, ICE y Homeland Security (por s\u00f3lo citar algunas \u00e1reas del gobierno estadounidense con las que tiene contrato) trabajan con ese software.&nbsp;<\/p>\n\n\n\n<p>\u201c\u00bfEs Palantir una fachada de la CIA?\u201d, le preguntaron en un evento a Thiel, que contest\u00f3: \u201cno, la CIA es una fachada de Palantir\u201d.&nbsp;<\/p>\n\n\n\n<p>Hablar de contratos no es suficiente para entender qu\u00e9 es Palantir. Su tecnolog\u00eda fue usada en las operaciones de la Guerra de Ucrania y en el secuestro de Nicol\u00e1s Maduro en Venezuela. Y tambi\u00e9n est\u00e1 apuntada por haber sido usada en el ataque a la escuela primaria Shajare Tayeb\u00e9 en Minab, al sur de Ir\u00e1n, el 28 de febrero de 2026, el primer d\u00eda de la Guerra de Estados Unidos e Israel contra Ir\u00e1n. Ese d\u00eda, seg\u00fan confirm\u00f3 UNICEF, murieron al menos 168 personas, la gran mayor\u00eda ni\u00f1as de entre 7 y 12 a\u00f1os. Por eso, cuando entrevistamos a Natalia Zuazo sobre el rol de Thiel en estos episodios, fue m\u00e1s contundente con su definici\u00f3n. Asesora de gobiernos y organizaciones internacionales en gobernanza de la IA, Zuazo no duda: \u201cThiel es un genocida\u201d.&nbsp;<\/p>\n\n\n\n<p>Palantir cambi\u00f3 las l\u00f3gicas de la guerra. Su negocio consiste en conectar bases de datos que originalmente est\u00e1n separadas, relacionar su informaci\u00f3n y convertirla en una representaci\u00f3n que permita tomar decisiones. Sirve, por ejemplo, para automatizar la selecci\u00f3n de objetivos.&nbsp;<\/p>\n\n\n\n<p>La relaci\u00f3n contractual de Palantir con Estados Unidos se expandi\u00f3 con Trump, en especial durante su segunda administraci\u00f3n: solamente en los primeros tres meses de 2026 su gobierno le pag\u00f3 687 millones de d\u00f3lares. La cifra significa un aumento de 84% con respecto al a\u00f1o previo.&nbsp;<\/p>\n\n\n\n<p>Pero los v\u00ednculos de Thiel van m\u00e1s all\u00e1 del presidente. J.D Vance, el vice, es una creaci\u00f3n suya: lo tuvo como empleado en uno de sus fondos de inversi\u00f3n, fue su maestro intelectual, financi\u00f3 sus primeras campa\u00f1as y lo present\u00f3 personalmente ante Trump. \u201cFinanciar al vice no es un hecho aislado, es un movimiento m\u00e1s en un juego global: el de una arquitectura tecnopol\u00edtica destinada a proteger privilegios a costa de las libertades civiles y el pluralismo democr\u00e1tico\u201d, sostiene el soci\u00f3logo Ariel Goldstein en el reci\u00e9n publicado libro \u201cLa nueva oligarqu\u00eda tecnol\u00f3gica\u201d (editorial Marea).<\/p>\n\n\n\n<figure class=\"wp-block-image\"><img decoding=\"async\" src=\"https:\/\/www.revistaanfibia.com\/wp-content\/uploads\/2026\/08\/JD-Vance.jpg\" alt=\"\" title=\"JD-Vance\"\/><\/figure>\n\n\n\n<p><em><sup>J.D. Vance, el vicepresidente de Estados Unidos, hombre de Peter Thiel<\/sup><\/em><\/p>\n\n\n\n<p>Por todo esto es que luego de juntarse con \u00e9l, Milei habl\u00f3 de un \u201cencuentro entre dos libertarios\u201d. Eric Weinstein, que fue director de Thiel Capital \u2014la firma donde trabajan los verdaderos due\u00f1os de la casa de Dardo Rocha\u2014, defini\u00f3 a Milei como \u201cun punto focal para el mundo\u201d. Fue en&nbsp;<a href=\"https:\/\/www.youtube.com\/watch?v=4V6jl0OEcqc\">una entrevista con Santiago Siri en Filonews<\/a>, donde tambi\u00e9n dijo: \u201cLa motosierra que le regal\u00f3 a Musk capt\u00f3 la atenci\u00f3n de todo el mundo. Es parte de este triunvirato extra\u00f1o: en lugar del Padre, el Hijo y el Esp\u00edritu Santo, est\u00e1n Trump, Zielenski y Milei\u201d.&nbsp;<\/p>\n\n\n\n<p>La entrevista fue a fines de mayo, durante la semana que pas\u00f3 en Buenos Aires, a donde dijo haber llegado a \u201cvisitar a un amigo\u201d, en referencia a su jefe. Esas declaraciones fueron muy festejadas en el Gobierno porque alimentaron la narrativa oficial: que Thiel hab\u00eda venido a ver el experimento libertario. Pero no fue s\u00f3lo eso.&nbsp;<\/p>\n\n\n\n<h2 class=\"wp-block-heading\">Alg\u00fan pa\u00eds sin descubrir<\/h2>\n\n\n\n<p>En el mismo art\u00edculo en que declar\u00f3 que la democracia y la libertad ya no eran compatibles, Thiel escribi\u00f3 algo m\u00e1s: \u201cComo no quedan lugares verdaderamente libres en nuestro mundo, sospecho que la forma de escape debe involucrar alg\u00fan tipo de proceso nuevo y hasta ahora no probado que nos lleve a alg\u00fan pa\u00eds sin descubrir. Por esta raz\u00f3n, he centrado mis esfuerzos en nuevas tecnolog\u00edas que puedan crear un nuevo espacio para la libertad\u201d.&nbsp;<\/p>\n\n\n\n<p>El texto es de 2009. Por entonces ya hab\u00eda hecho algo m\u00e1s que teorizar acerca de estos \u201cprocesos nuevos\u201d.<\/p>\n\n\n\n<p>El a\u00f1o anterior Thiel hab\u00eda puesto los primeros 500 mil d\u00f3lares (monto que luego ascendi\u00f3 hasta casi dos millones) para crear&nbsp;<a href=\"https:\/\/www.seasteading.org\/\">The Seasteading Institute<\/a>. La idea de este espacio, fundado por Patri Friedman (nieto de Milton, el economista tan admirado por Milei en cuyo honor nombr\u00f3 a uno de sus perros clonados), era construir comunidades aut\u00f3nomas flotantes en aguas internacionales, lejos de las garras de cualquier Estado.&nbsp;<\/p>\n\n\n\n<p>Aunque fue lanzado a toda pompa \u2014\u201cdentro de d\u00e9cadas quienes miren hacia atr\u00e1s entender\u00e1n que el Seasteading fue un paso obvio hacia el fomento del desarrollo de modelos m\u00e1s eficientes\u201d, dijo Thiel\u2014, nunca logr\u00f3 poner en marcha su reversionado Waterworld.&nbsp;<\/p>\n\n\n\n<p>El tecnomagnate fue desencant\u00e1ndose de esta iniciativa y para 2011 renunci\u00f3 a su junta directiva. Tambi\u00e9n se fue Friedman.<\/p>\n\n\n\n<figure class=\"wp-block-image\"><img decoding=\"async\" src=\"https:\/\/www.revistaanfibia.com\/wp-content\/uploads\/2026\/08\/IMAGEN-SEASTEADING.jpg\" alt=\"\" title=\"IMAGEN-SEASTEADING\"\/><\/figure>\n\n\n\n<p><em><sup>Una de las maquetas con las que The Seasteading Institute imaginaba sus ciudades futuras<\/sup><\/em><\/p>\n\n\n\n<p>No tiraron la toalla. Inmediatamente fundaron Future Cities Development, aunque para esa altura la idea no era original: en lugar de levantar asentamientos nuevos sobre el mar, ahora quer\u00edan construirlos sobre tierra. Honduras estuvo en la mira desde el primer momento. En 2012 firmaron un acuerdo de entendimiento con el gobierno de ese pa\u00eds, pero la justicia local termin\u00f3 trabando el proyecto y la empresa, una vez m\u00e1s, se fue a pique. Thiel y Friedman, de cualquier manera, aprendieron la lecci\u00f3n. Cuando volvieron lo hicieron no ya al frente de una sociedad propia sino como inversores.<\/p>\n\n\n\n<p>Ac\u00e1 es donde aparece Pr\u00f3spera, hasta ahora el ejemplo m\u00e1s desarrollado de la utop\u00eda libertaria realmente existente en el mundo. Pr\u00f3spera se fund\u00f3 con el apoyo de Thiel, Altman y Friedman, entre otros, en 2017. Tres a\u00f1os despu\u00e9s ya estaba activa, convirti\u00e9ndose en la primera \u201cciudad privada\u201d del mundo, con un sistema de reglas propio. Es decir que en su territorio tienen leyes, tribunales, fuerzas de seguridad y autonom\u00eda fiscal propias. Como tope lleg\u00f3 a tener 700 residentes.&nbsp;<\/p>\n\n\n\n<p>La periodista Jennifer \u00c1vila, directora del medio&nbsp;<a href=\"https:\/\/contracorriente.red\/2025\/03\/31\/soberania-e-inmortalidad-el-tesoro-perdido-que-los-tecnofeudales-buscan-en-honduras\/\">Contracorriente que cubri\u00f3 este experimento<\/a>, lo describi\u00f3 como un lugar extra\u00f1o: por un lado Pr\u00f3spera tiene como coraz\u00f3n a una mega torre que parece de tecnolog\u00eda de avanzada y un centro educativo que ense\u00f1a a usar Bitcoin, pero despu\u00e9s, m\u00e1s all\u00e1 de un caf\u00e9 o una tienda de buceo, no hay demasiada vida. Y cuando se sale de la peque\u00f1a ciudad privada aparece una zona con mucha pobreza y sin servicios b\u00e1sicos.<\/p>\n\n\n\n<p>Una de sus dos fundadores es el guatemalteco Gabriel Delgado Ayau. El 7 de julio de 2025, varios meses antes de que llegara Peter Thiel a Buenos Aires, esa misma persona entr\u00f3 en la Casa Rosada. Su nombre fue detectado en la planilla oficial de ingresos, donde tambi\u00e9n se consigna que entr\u00f3 con una notebook y una tablet de Apple.<\/p>\n\n\n\n<h2 class=\"wp-block-heading\">El adelantado<\/h2>\n\n\n\n<p>Ayau no es un apellido m\u00e1s dentro de la familia de la derecha latinoamericana. A Manuel, el abuelo de Gabriel, le dec\u00edan \u201cEl Musso\u201d \u2014porque de ni\u00f1o le hab\u00edan regalado un traje que perteneci\u00f3 al mism\u00edsimo Mussolini\u2014 y fue, en palabras de Ronald Reagan, \u201cuna de las pocas personas en las altas esferas pol\u00edticas que entienden lo que sucede en Am\u00e9rica Latina\u201d. En su Guatemala natal es una leyenda: fund\u00f3 la Universidad Francisco Marroqu\u00edn, escuela central para el movimiento libertario hispano, y lleg\u00f3 a ser, de 1978 a 1980, presidente de la ultraliberal Sociedad Mont Pelerin, la organizaci\u00f3n que fund\u00f3 Hayek y donde Ayau se code\u00f3 con \u00e9l, con Friedman y Gary Becker, a trav\u00e9s de la cual conoci\u00f3 a Margaret Thatcher.&nbsp;<\/p>\n\n\n\n<p>De hecho, tan importante es el personaje para la derecha libertaria que, en febrero del a\u00f1o pasado el actual vocero del gobierno argentino, Adri\u00e1n Ravier, \u2014tambi\u00e9n miembro de la Mont Pelerin\u2014 viaj\u00f3 hasta la universidad guatemalteca para dar una conferencia enteramente dedicada al \u201cviaje intelectual\u201d de Manuel Ayau (el abuelo c\u00e9lebre). No es el \u00fanico v\u00ednculo con el gobierno local: Gabriel Calzada, al frente del instituto Juan de Mariana que en 2024 invit\u00f3 a Milei a Espa\u00f1a para entregarle un premio, fue rector de esa universidad desde el 2013 hasta el 2021.<\/p>\n\n\n\n<p>Su nieto Gabriel \u2014el que entr\u00f3 a Casa Rosada en 2025\u2014 se define como \u201cadmirador de Argentina\u201d. Acept\u00f3 contestar preguntas para esta investigaci\u00f3n s\u00f3lo por escrito y confirm\u00f3 que visit\u00f3 varias veces el pa\u00eds en los \u00faltimos a\u00f1os. Dentro del mundo liberal se lo conoce no s\u00f3lo por su pedigr\u00ed, sino tambi\u00e9n por ser el cofundador de Pr\u00f3spera y parte de su directorio, una idea que el hombre ven\u00eda empujando m\u00e1s de una d\u00e9cada antes de que se concretase.<\/p>\n\n\n\n<figure class=\"wp-block-image\"><img decoding=\"async\" src=\"https:\/\/www.revistaanfibia.com\/wp-content\/uploads\/2026\/08\/Gabriel-Delgado-Ayau-Prospera.png\" alt=\"\" class=\"wp-image-221807\"\/><\/figure>\n\n\n\n<figure class=\"wp-block-image\"><img decoding=\"async\" src=\"https:\/\/www.revistaanfibia.com\/wp-content\/uploads\/2026\/08\/Patri-Friedman-financista.png\" alt=\"\" class=\"wp-image-221808\"\/><\/figure>\n\n\n\n<p><em><sup>Gabriel Delgado Ayau y Patri Friedman<\/sup><\/em><\/p>\n\n\n\n<p>Cuando naci\u00f3, en Pr\u00f3spera se cre\u00f3 el Comit\u00e9 para la Adopci\u00f3n de Mejores Pr\u00e1cticas (CAMP), un organismo t\u00e9cnico que ten\u00eda la funci\u00f3n de regular y controlar lo que suced\u00eda en el territorio.&nbsp;<\/p>\n\n\n\n<p>Si bien la composici\u00f3n del CAMP cambi\u00f3 con los a\u00f1os, algunos de sus miembros,&nbsp;<a href=\"https:\/\/contracorriente.red\/2020\/09\/28\/quienes-deben-regular-los-proyectos-zede-en-honduras\/\">mencionados<\/a>&nbsp;por el medio hondureno Contracorriente en 2022, tienen relaci\u00f3n directa con Milei.&nbsp;<\/p>\n\n\n\n<p>Mark Klugmann, un estadounidense que escribi\u00f3 los discursos de Ronald Reagan y George W. Bush, particip\u00f3 del Foro de Madrid-R\u00edo de La Plata que se realiz\u00f3 en Buenos Aires en 2024 y que tuvo como principal orador al presidente argentino. Ese a\u00f1o, Grover Norquist, el presidente de Americans for Tax Reform, le otorg\u00f3 a Milei el Premio al Legado de Ronald Reagan, y en julio de 2026 fue recibido por el embajador Alec Oxenford. El economista Mark Skousen es un entusiasta mile\u00edsta y comparti\u00f3 con el presidente una cena patrocinada por Liberty International en febrero de 2026. Barbara Kolm, la presidenta del Instituto Friedrich A. V. Hayek de Viena, escribi\u00f3 un libro sobre el presidente argentino y hasta forma parte del Instituto Javier Milei creado en Alemania en diciembre de 2025.&nbsp;<\/p>\n\n\n\n<p>En el CAMP tambi\u00e9n apareci\u00f3 un argentino. Es Alejandro Chafuen, un personaje hist\u00f3rico en la construcci\u00f3n de redes internacionales de la derecha que trabaj\u00f3 durante d\u00e9cadas al frente del think tank&nbsp;<a href=\"https:\/\/www.atlasnetwork.org\/\">Atlas Network<\/a>&nbsp;y que, en la actualidad, lidera&nbsp;<a href=\"https:\/\/www.acton.org\/\">Acton Institute<\/a>. Le enviamos un mail a Chafuen al que respondi\u00f3 muy breve: \u201cPas\u00f3 mucho tiempo y varios gobiernos. No fue muy legal c\u00f3mo nos desplazaron, a unos pocos a\u00f1os del nombramiento\u201d.&nbsp;No continu\u00f3 la conversaci\u00f3n.&nbsp;<\/p>\n\n\n\n<p>Gabriel Delgado Ayau es un convencido de ese proyecto y recorre el mundo contando los beneficios de las ciudades privadas, a las que define como un \u201cmodelo transportable\u201d. Algo que, dice, podr\u00eda servirle tambi\u00e9n a este pa\u00eds. \u201cEl modelo es el de Milei. Y con Pr\u00f3spera como parte del rompecabezas, ahora se puede lograr\u201d,&nbsp;<a href=\"https:\/\/x.com\/gabedelgadoa\/status\/2016278829732405570\">tuite\u00f3 a fines de enero<\/a>. Esa idea de la Argentina libertaria como modelo a copiar aparece mucho en sus redes y en sus charlas. \u201cDe seguir as\u00ed, Argentina se convierte en el Plan B de todos los que desean construir valor en el mundo\u201d, dijo el 31 de julio pasado.&nbsp;<\/p>\n\n\n\n<p>Delgado Ayau puede decir que ac\u00e1 lo reciben bien. En 2024 fue invitado, a trav\u00e9s del Instituto Cato \u2014una organizaci\u00f3n que a lo largo de toda nuestra investigaci\u00f3n apareci\u00f3 como una red central de contactos, en la que Thiel public\u00f3 su manifiesto libertario\u2014 a escuchar una charla de Milei en Buenos Aires. \u201cLa excitaci\u00f3n por lo que pasa en Argentina es palpable\u201d,&nbsp;<a href=\"https:\/\/x.com\/gabedelgadoa\/status\/1800584327086141444\">coment\u00f3 aquel d\u00eda en X<\/a>. En esas fechas se encontr\u00f3 tambi\u00e9n con personas que trabajaban en el armado del equipo de Diana Mondino en Canciller\u00eda. Un colaborador de ese grupo acept\u00f3 un caf\u00e9 para conversar en off y confirm\u00f3 el entusiasmo que despertaba Milei para estos personajes.<\/p>\n\n\n\n<p>En 2025, Delgado Ayau volvi\u00f3 al pa\u00eds. Tuvo reuniones con algunos diputados nacionales y el 7 de julio el entonces jefe de asesores del Presidente, Demian Reidel, le abri\u00f3 las puertas de la Rosada. Mantuvieron una reuni\u00f3n de casi dos horas. Fuentes cercanas al ahora ex funcionario le bajan el precio al encuentro y dicen que no se trat\u00f3 ning\u00fan tema relevante. Reidel es una figura que aparece una y otra vez en esta historia: recibiendo al encargado de Pr\u00f3spera \u2014al menos para una reuni\u00f3n, una precisi\u00f3n que tampoco Delgado quiere aclarar\u2014, triangulando la relaci\u00f3n entre el Gobierno, Sam Altman y el argentino Emiliano Kargemian, due\u00f1o de Star Energy, para el anuncio de la instalaci\u00f3n de un datacenter de OpenAI en la Patagonia y saliendo de fiesta con Weinstein durante su paso por el pa\u00eds, seg\u00fan confirm\u00f3 el exfuncionario&nbsp;<a href=\"https:\/\/x.com\/dreidel1\/status\/2063283646627303799\">en X<\/a>.<\/p>\n\n\n\n<figure class=\"wp-block-image\"><img decoding=\"async\" src=\"https:\/\/www.revistaanfibia.com\/wp-content\/uploads\/2026\/08\/REIDEL.jpg\" alt=\"\" title=\"REIDEL\"\/><\/figure>\n\n\n\n<p><em><sup>Demian Reidel<\/sup><\/em><\/p>\n\n\n\n<p>La pregunta es evidente: \u00bfhay alguien pensando en armar una ciudad privada en Argentina? Delgado Ayau responde desde Guatemala: \u201cSu pa\u00eds tiene algo que siempre destacamos: talento, capital humano, ventajas geogr\u00e1ficas, infraestructura y una enorme capacidad emprendedora. El desaf\u00edo es crear un marco institucional que permita que esas capacidades se transformen en inversi\u00f3n y crecimiento. Argentina podr\u00eda explorar mecanismos que permitan crear nuevos espacios para invertir, emprender y experimentar\u201d.<\/p>\n\n\n\n<p>El \u201cmarco institucional\u201d es el tal\u00f3n de Aquiles del modelo Pr\u00f3spera. Para levantar esa ciudad privada primero el Congreso hondure\u00f1o vot\u00f3, en 2013, la creaci\u00f3n de las Zonas de Empleo y Desarrollo Econ\u00f3mico (ZEDE), con el impulso decisivo de quien entonces presid\u00eda esa asamblea, Juan Orlando Hern\u00e1ndez. Los libertarios ut\u00f3picos comprendieron enseguida que la democracia tiene sus problemas. Hern\u00e1ndez sigui\u00f3 con su carrera hasta llegar a la presidencia, pero en 2022 la justicia estadounidense pidi\u00f3 su extradici\u00f3n por narcotr\u00e1fico, proceso que termin\u00f3 con una condena de 45 a\u00f1os de prisi\u00f3n.&nbsp;<\/p>\n\n\n\n<p>Aunque en un episodio m\u00e1s que extra\u00f1o Trump lo indult\u00f3 a fines de 2025, el tembladeral pol\u00edtico ya hab\u00eda ocurrido. La sucesora de Hern\u00e1ndez, Xiomara Castro, l\u00edder del Frente Nacional de Resistencia Popular e ideol\u00f3gicamente en las ant\u00edpodas, decidi\u00f3 derogar las ZEDE, idea que luego valid\u00f3 la Corte Suprema hondure\u00f1a. En agosto de 2026, Pr\u00f3spera y el Estado hondure\u00f1o mantienen una pelea jur\u00eddica multimillonaria.<\/p>\n\n\n\n<figure class=\"wp-block-image\"><img decoding=\"async\" src=\"https:\/\/www.revistaanfibia.com\/wp-content\/uploads\/2026\/08\/Xiomara_Castro.jpg\" alt=\"\" title=\"Xiomara_Castro\"\/><\/figure>\n\n\n\n<p><em><sup>Xiomara Castro, presidenta de Honduras, en pleno litigio con las empresas vinculadas a Thiel<\/sup><\/em><\/p>\n\n\n\n<p>De esta disputa, todos (desde Delgado Ayua hasta Thiel) parecen haber entendido que, a la hora de intentar proyectos libertarios, se deben garantizar un marco jur\u00eddico s\u00f3lido sobre el cual apalancarse y redes pol\u00edticas lo suficientemente amplias para que los vaivenes electorales no se traduzcan en el fin de sus ambiciones.&nbsp;<\/p>\n\n\n\n<p>De hecho, en su \u00faltima reuni\u00f3n en abril, Thiel le pregunt\u00f3 a Milei: \u201c\u00bfC\u00f3mo se sostiene esto en el tiempo?\u201d. Quiz\u00e1s, su encuentro con Juan Grabois, un dirigente en las ant\u00edpodas ideol\u00f3gicas de Milei y con aspiraciones presidenciales, o su inversi\u00f3n en Vista Energy, la empresa de Miguel Galluccio, el \u00fanico de los grandes empresarios del sector energ\u00e9tico que tiene buen v\u00ednculo con toda la dirigencia, se puedan interpretar como una apuesta m\u00e1s all\u00e1 del mile\u00edsmo.&nbsp;<\/p>\n\n\n\n<p>D\u00edaz Ayau no esquiva la consulta y lo pone en t\u00e9rminos a\u00fan m\u00e1s claros. \u201cLa pregunta que se hacen los que invierten miles de millones de d\u00f3lares es: \u00bfdurar\u00e1 esto el tiempo que dure el mandato de ese presidente? Tiene que haber un contrato que establezca condiciones, por lo que se pueda demandar contra dicho contrato. \u00bfQui\u00e9n va a demandar al gobierno de Bukele o al gobierno de Milei? Nadie\u201d, dijo&nbsp;<a href=\"https:\/\/free-cities.org\/gabriel-delgado-the-prospera-master-plan\/\">en una entrevista<\/a>&nbsp;en abril para la fundaci\u00f3n Free Cities, que empuja este tipo de proyectos por todo el mundo.&nbsp;<\/p>\n\n\n\n<p>Est\u00e1 claro que todo este experimento libertario en una peque\u00f1a isla del Caribe parece muy lejano a Argentina. Pero quiz\u00e1s s\u00f3lo sea una impresi\u00f3n. Al fin y al cabo, como dijo el canciller Pablo Quirno a principios de agosto, la idea detr\u00e1s de la Ley de Inviolabilidad de la Propiedad Privada es permitirle a alg\u00fan extranjero voluntarioso \u201ccomprar una provincia o un pueblo\u201d.<\/p>\n\n\n\n<h2 class=\"wp-block-heading\">Leyes y acuerdos a medida<\/h2>\n\n\n\n<p>El desembarco de Thiel en Argentina coincidi\u00f3 con el env\u00edo del Gobierno al Congreso de proyectos con grandes reformas y mucha resistencia social, que parecen ir todos en la misma direcci\u00f3n. \u00bfEstaba el tecnomagnate moviendo los hilos? \u00bfVino a empujar un sistema de reglas acorde a las necesidades de Sillicon Valley?<\/p>\n\n\n\n<p>La lista de leyes o proyectos que podr\u00edan beneficiar a los Thiel del mundo es larga. Por un lado est\u00e1 el S\u00faper RIGI, presentado por el ministro de Econom\u00eda, Luis Caputo, como un plan orientado a la instalaci\u00f3n de data centers. Se trata de un r\u00e9gimen de incentivos que obtuvo media sanci\u00f3n en Diputados y que beneficia a las inversiones de m\u00e1s de 1.000 millones de d\u00f3lares con una al\u00edcuota en Ganancias de s\u00f3lo el 15%, cero retenciones, libre disponibilidad de divisas y la derivaci\u00f3n de eventuales litigios al arbitraje internacional. La Ley de Glaciares, que ya fue promulgada, habilit\u00f3 la miner\u00eda en zonas periglaciares. La actividad es clave para la industria tecnol\u00f3gica, con cada vez mayor necesidad de cantidades de litio, componente fundamental para almacenar energ\u00eda que tiene en Argentina una de las mayores reservas del mundo.&nbsp;<\/p>\n\n\n\n<figure class=\"wp-block-image\"><img decoding=\"async\" src=\"https:\/\/www.revistaanfibia.com\/wp-content\/uploads\/2026\/08\/Triada_03-1.jpg\" alt=\"\" title=\"Triada_03\"\/><\/figure>\n\n\n\n<p><em><sup>Las protestas en el Congreso contra los proyectos de ley que favorecen a los tecnorricos fueron masivas<\/sup><\/em><\/p>\n\n\n\n<p>De todos los proyectos, el que m\u00e1s polvareda levant\u00f3 fue el que pretende la modificaci\u00f3n de la&nbsp;<a href=\"https:\/\/www.revistaanfibia.com\/el-hombre-nuevo-es-no-humano-personeria-juridica-ia\/\">Ley de Sociedades<\/a>. Primero, porque la cronolog\u00eda fue llamativa: el gobierno anunci\u00f3 su envi\u00f3 al Congreso a fines de mayo, inmediatamente despu\u00e9s de la reuni\u00f3n que mantuvieron Thiel y Federico Sturzenegger, ministro de Transformaci\u00f3n y Desregulaci\u00f3n del Estado y admirador del modelo que proponen desde Silicon Valley. La iniciativa buscaba crear el marco legal para que existieran empresas operadas por algoritmos o IA sin trabajadores ni gerencia humana.&nbsp;<\/p>\n\n\n\n<p>Milei se subi\u00f3 a la defensa de ese proyecto y, en&nbsp;<a href=\"https:\/\/www.ft.com\/content\/f93022fe-43f7-437d-abd8-06c457c0a43c\">una nota<\/a>&nbsp;publicada por el Financial Times en junio, dijo: \u201cArgentina invita a la IA a liberarse sin la mano mortal de la regulaci\u00f3n\u201d. Fue un boom global, que llev\u00f3 a que el historiador Yuval Harari, una eminencia internacional que hace a\u00f1os viene mirando con desconfianza la potencia de la IA,&nbsp;<a href=\"https:\/\/www.ft.com\/content\/b8cc4bf4-6d3c-4974-8428-9a091983c473\">lo cruzara<\/a>&nbsp;en ese mismo medio.<\/p>\n\n\n\n<p>La mayor\u00eda de los que siguieron con lupa el desembarco de Thiel en Argentina miraron a la Ley de Sociedades como el punto central de toda esta historia: no hay otro gobierno en el mundo que est\u00e9 empujando este tipo de desregulaciones para la IA. No, al menos, que lo diga. Ac\u00e1 es donde la historia se pone m\u00e1s compleja: el proyecto de ley de Sturzenegger no coincide con el propio Sturzenegger. Es que mientras el art\u00edculo 14 de ese proyecto buscaba impulsar las \u201csociedades automatizadas\u201d, el 88 de esa misma ley asegura que la administraci\u00f3n de la sociedad est\u00e1 a cargo de una o m\u00e1s personas humanas o jur\u00eddicas y el 92 dice que la jur\u00eddica debe poner una humana.&nbsp;<\/p>\n\n\n\n<p>Este embrollo t\u00e9cnico podr\u00eda revelar dos cosas. Una es la que el ministro desregulador dice por lo bajo: que cuando envi\u00f3 este proyecto a su revisi\u00f3n al ministerio de Econom\u00eda \u2014a cargo de su rival interno, Luis Caputo\u2014 se lo toquetearon lo suficiente como para embarrar la cancha y desviar la idea original. La otra es que abre el interrogante de si una ley tan mal redactada, que se contradice a s\u00ed misma, pudo haber estado armada por alguien del calibre de Thiel.&nbsp;<\/p>\n\n\n\n<p>De cualquier manera, la idea qued\u00f3 en stand by, y el oficialismo tuvo que ceder para incluir a una persona f\u00edsica o jur\u00eddica en la ley.<\/p>\n\n\n\n<figure class=\"wp-block-image\"><img decoding=\"async\" src=\"https:\/\/www.revistaanfibia.com\/wp-content\/uploads\/2026\/08\/SturzeneggerIDEA.jpg\" alt=\"\" title=\"SturzeneggerIDEA\"\/><\/figure>\n\n\n\n<p><em><sup>Federico Sturzenegger<\/sup><\/em><\/p>\n\n\n\n<p>En el Congreso hubo movimientos que parecen encaminados a crear las condiciones necesarias para que el sector se instale en la Argentina. Y, en paralelo, el Ejecutivo hizo tres anuncios que se conectan con la materia prima que utiliza Palantir: las bases de datos.&nbsp;<\/p>\n\n\n\n<p>As\u00ed como en la guerra la empresa de Thiel puede servir para identificar objetivos, para la organizaci\u00f3n de la sociedad civil es una herramienta de vigilancia. En Estados Unidos, el ICE utiliza uno de sus sistemas, ELITE, para identificar personas deportables. El software utiliza las bases de datos para rastrear, mapear y localizar a inmigrantes con el fin de planificar operativos y redadas.&nbsp;<\/p>\n\n\n\n<p>Los expertos argentinos que trabajan en tecnolog\u00eda se alertaron primero en julio de 2024, cuando el ministerio de Seguridad anunci\u00f3 en el Bolet\u00edn Oficial la creaci\u00f3n de la Unidad de Inteligencia Artificial Aplicada a Seguridad (UIAAS). El organismo se present\u00f3 con capacidades como el monitoreo de fuentes abiertas en tiempo real o la utilizaci\u00f3n de herramientas de reconocimiento facial. Ni la resoluci\u00f3n ni las autoridades comunicaron qu\u00e9 empresa iba a llevar adelante la tarea ni con qu\u00e9 software.&nbsp;<\/p>\n\n\n\n<p>Distintas organizaciones de la sociedad civil y periodistas presentaron pedidos de acceso a la informaci\u00f3n p\u00fablica, pero la mayor\u00eda no fueron contestadas. La Fundaci\u00f3n V\u00eda Libre obtuvo una respuesta: \u201cNos dijeron que se estaban evaluando las tecnolog\u00edas, pero que no hab\u00eda nada concreto en compras\u201d, cont\u00f3 Beatriz Busaniche, su directora ejecutiva.&nbsp;<\/p>\n\n\n\n<p>La segunda alerta fue cuando se public\u00f3 el decreto de Inteligencia 941\/2025, que cre\u00f3 la Comunidad Informativa Nacional, con la capacidad de reunir informaci\u00f3n de distintos organismos p\u00fablicos y ponerlos a disposici\u00f3n de la SIDE. \u201cTodav\u00eda no conocemos si existen contratos con Palantir, pero si se consideran los antecedentes de la empresa y con qui\u00e9nes trabaja, ac\u00e1 tiene una oportunidad m\u00e1s que interesante\u201d, dijo Sabina Frederic, antrop\u00f3loga y exministra de Seguridad de la Naci\u00f3n.<\/p>\n\n\n\n<figure class=\"wp-block-image\"><img decoding=\"async\" src=\"https:\/\/www.revistaanfibia.com\/wp-content\/uploads\/2026\/08\/Peter_Thiel_03.jpg\" alt=\"\" title=\"Peter_Thiel_03\"\/><\/figure>\n\n\n\n<p>Por \u00faltimo, en mayo de 2026, con Thiel ya instalado en la Argentina, el ministerio de Capital Humano de Sandra Pettovello public\u00f3 en sus redes un video futurista para lanzar el&nbsp;<a href=\"https:\/\/www.revistaanfibia.com\/gemelo-digital-social-desmantelar-y-vigilar\/\">Gemelo Digital Social<\/a>&nbsp;con la promesa de utilizar inteligencia artificial para integrar datos y \u201canticipar\u201d pol\u00edticas p\u00fablicas. El diputado Juan Marino present\u00f3 una solicitud de acceso a la informaci\u00f3n. La respuesta lo sorprendi\u00f3: el Gobierno contest\u00f3 que, por ahora, no hay nada concreto, que apenas fue un anuncio.<\/p>\n\n\n\n<p>La preocupaci\u00f3n sobre los datos avanza en una doble v\u00eda: por un lado, qui\u00e9n y con qu\u00e9 criterios los administra y, por el otro, qui\u00e9n los controla. El embajador de Estados Unidos Peter Lamelas dej\u00f3 en claro el inter\u00e9s sobre el tema cuando presion\u00f3 a la cooperativa el\u00e9ctrica CALF, de Neuqu\u00e9n, para evitar que contraten con la empresa china Huawei.&nbsp;<\/p>\n\n\n\n<p>De hecho, en febrero, Argentina firm\u00f3 el Acuerdo de Comercio e Inversi\u00f3n Rec\u00edprocos (ARTI) y, en junio, se adhiri\u00f3 a la Pax Silica, impulsada por Jacob Helberg, subsecretario de Estado de Trump y, no casualmente, ex asesor de Palantir.&nbsp;<\/p>\n\n\n\n<p>Se trata de dos instrumentos distintos, pero complementarios: el acuerdo comercial establece que se reconoce a Estados Unidos como una jurisdicci\u00f3n adecuada para la transferencia internacional de datos personales, lo que facilita que empresas de aquel pa\u00eds puedan almacenar, procesar y transferir datos desde Argentina; mientras que Pax Silica plantea una l\u00f3gica de cadenas de suministro tecnol\u00f3gicas \u201cconfiables\u201d, en la que el trumpismo busca articular con naciones aliadas para desarrollar infraestructura y tecnolog\u00edas estrat\u00e9gicas, especialmente vinculadas con inteligencia artificial, semiconductores y energ\u00eda, y reducir la dependencia de proveedores considerados riesgosos.<\/p>\n\n\n\n<h2 class=\"wp-block-heading\">Becas, redes y unicornios<\/h2>\n\n\n\n<p>En la home de Thiel Fellowship, la fundaci\u00f3n que otorga becas de 250 mil d\u00f3lares \u2014exactamente el mismo n\u00famero con el que naci\u00f3 Paypal\u2014 a j\u00f3venes de todo el mundo, puede leerse una regla de oro que en Sillicon Valley todos conocen. Los que se candidatean tienen que hacer un sacrificio. Y los ganadores son un grupo muy selecto de promesas que al d\u00eda de hoy no superan los 300.&nbsp;<\/p>\n\n\n\n<p>En la web se lee: \u201c\u00bfNecesito abandonar mis estudios para aceptar la beca? S\u00ed\u201d. Esta sentencia se basa en la idea muy repetida por Thiel de que \u201clas universidades hoy son tan corruptas como la Iglesia cat\u00f3lica del medioevo\u201d. Alguien que conoce bien a ese hombre y a la Thiel Fellowship es el argentino Wenceslao Casares, un nombre tal vez no tan famoso en su propio pa\u00eds pero que en el mundo tecno es una eminencia global.<\/p>\n\n\n\n<p>Casares es un emprendedor tecnol\u00f3gico chubutense que en 1994 arm\u00f3 \u201cInternet Argentina S.A\u201d, el primer proveedor de servicios de internet que tuvo el pa\u00eds. Hizo una carrera en ascenso en el mundo digital y en 2011 se instal\u00f3 en Silicon Valley donde cre\u00f3 empresas exitosas como la billetera virtual&nbsp;<em>Lemon Wallet<\/em>, entre otras. Casares fue miembro del directorio de Paypal desde 2016 a 2020 y, al d\u00eda de hoy, es considerado la tercera persona con m\u00e1s Bitcoins en todo el planeta. Tiene una relaci\u00f3n con Thiel, revelada en junio de este a\u00f1o por la hacktivista suiza Maia Arson Crimew, cuando public\u00f3 en Wired que Casares era una de las 222 personas ultra influyentes del jet set global que son parte de Dialog, una sociedad secreta fundada por Thiel en 2006 en la que tambi\u00e9n est\u00e1 Marcos Galper\u00edn de Mercado Libre.&nbsp;<\/p>\n\n\n\n<p>Dialog organiza peri\u00f3dicamente retiros para sus miembros, en los que arma paneles sobre temas diversos, desde la creaci\u00f3n de sectas y la vida sexual de la \u00e9lite, a la preparaci\u00f3n para la Tercera Guerra Mundial.<\/p>\n\n\n\n<p>Por eso es que a Casares se le prendieron todas las alarmas cuando su hijo, Di\u00f3genes, empez\u00f3 a coquetear con la idea de obtener una beca Thiel. El 22 de marzo de 2024 la fundaci\u00f3n anunci\u00f3 los 20 seleccionados para la beca de ese a\u00f1o y Di\u00f3genes Casares estaba en la lista: us\u00f3 los 250 mil d\u00f3lares para invertir en su startup Stream Finance y, tal como lo ped\u00eda el sacrificio para ser miembro, dej\u00f3 sus estudios. Aquel era el gran temor de su padre. Y no se lo tom\u00f3 para nada bien.&nbsp;<\/p>\n\n\n\n<p>En Silicon Valley se repite esta an\u00e9cdota: Casares padre fue con un bate hasta la puerta de la casa de Thiel y le rompi\u00f3 su auto, un Tesla, a puro golpe. En el entorno de Casares minimizaron el conflicto durante la investigaci\u00f3n: dijeron que Wenceslao y Peter tuvieron una discusi\u00f3n \u201ca las puteadas\u201d, pero que el resto es mito.<\/p>\n\n\n\n<p>Lo cierto es que hay varios argentinos a los que Thiel cobij\u00f3 bajo su ala. Adem\u00e1s de Casares junior, tambi\u00e9n recibi\u00f3 la beca Ignacio Belieres Montero, fundador de Epic Aerospace, una startup de remolcadores espaciales que trabaja para situar en su \u00f3rbita exacta a peque\u00f1os sat\u00e9lites.&nbsp;<\/p>\n\n\n\n<p>Adem\u00e1s, Belieres Montero es uno de los j\u00f3venes empresarios favoritos del mileismo. A fines de 2024, la secretar\u00eda de Innovaci\u00f3n, Ciencia y Tecnolog\u00eda, que depende de jefatura de Gabinete de la Naci\u00f3n, \u201cse comprometi\u00f3 a ayudar a este emprendimiento argentino\u201d y, en febrero de 2025, \u201ccelebr\u00f3 un convenio de cooperaci\u00f3n junto a Epic Aerospace, la Comisi\u00f3n Nacional de Actividades Espaciales (CONAE) y la empresa de servicios tecnol\u00f3gicos Veng, para impulsar la colaboraci\u00f3n p\u00fablico-privada en materia de investigaci\u00f3n y desarrollo de tecnolog\u00eda y ciencia espacial\u201d, seg\u00fan consta en el sitio oficial.<\/p>\n\n\n\n<p>En mayo, LetraP public\u00f3 que el gobierno modific\u00f3 los criterios de contrataci\u00f3n para lanzar una licitaci\u00f3n internacional impulsada por la CONAE para la puesta en \u00f3rbita de un nuevo sat\u00e9lite argentino. Seg\u00fan el art\u00edculo, en el sector se habla de un pliego que podr\u00eda favorecer a la startup que creci\u00f3 gracias al dinero de Thiel.&nbsp;<\/p>\n\n\n\n<p>Adem\u00e1s de la beca, Thiel colabora con proyectos en todo el mundo a trav\u00e9s de&nbsp;<a href=\"https:\/\/foundersfund.com\/\">Founders Fund<\/a>, su empresa de capital de riesgo. Uno de los seleccionados acept\u00f3 conversar en off por tel\u00e9fono. Nos confes\u00f3 que cree que lo eligieron por haber sido un adolescente disruptivo y porque su proyecto tiene potencial para escalar a nivel regional y copar todo el mercado. \u201c\u00bfViste lo que dice en su libro sobre los monopolios? Esos son los negocios que le interesan a Thiel\u201d, asegur\u00f3. Ac\u00e1 hay otra curiosidad: uno de los socios del fondo es, desde 2018, Mat\u00edas Van Thienen, argentino, que oficia como el intermediario entre la empresa y los seleccionados de la regi\u00f3n. Y tambi\u00e9n como algo m\u00e1s: Van Thienen fue parte de la reuni\u00f3n en la Rosada entre Milei y Thiel.<\/p>\n\n\n\n<p>En 2017, cuando Palantir intent\u00f3 quedarse con los archivos de la AMIA, su gente tuvo un intento de acercamiento a la Argentina por otro carril. En julio de ese a\u00f1o se conoci\u00f3 que Facundo Garret\u00f3n, entonces diputado tucumano de Juntos por el Cambio, ten\u00eda intenciones de vender InvertirOnline, la plataforma de inversiones financieras que promet\u00eda ser el pr\u00f3ximo unicornio nacional. Seg\u00fan cont\u00f3 La Naci\u00f3n, hab\u00eda tres interesados: \u201cBanco Ita\u00fa, la argentina Puente, y un fondo californiano de capital de riesgo relacionado con Ken Howery\u201d.&nbsp;<\/p>\n\n\n\n<p>Howery fund\u00f3, junto a Thiel, Paypal y Founders Fund. Tambi\u00e9n es uno de los m\u00e1ximos exponentes del fen\u00f3meno que en Estados Unidos se denomina revolving door (puerta giratoria), y describe la designaci\u00f3n en cargos p\u00fablicos estrat\u00e9gicos de altos mandos de las tecnol\u00f3gicas de Silicon Valley quienes, una vez que cumplen su mandato, regresan al sector privado. Howery fue el embajador estadounidense en Suecia entre 2019 y 2021, durante la primera presidencia de Donald Trump, y en octubre de 2025 regres\u00f3 a la funci\u00f3n diplom\u00e1tica como embajador en Dinamarca. Todo tiene que ver con todo: en Groenlandia, que depende de este pa\u00eds \u2014y que fue amenazada con ocupaci\u00f3n militar por parte de Trump\u2014, es donde Thiel so\u00f1\u00f3 con hacer \u201cPraxis\u201d, un nuevo Pr\u00f3spera.<\/p>\n\n\n\n<p>InvertirOnline qued\u00f3, finalmente, en manos de Grupo Supervielle. Sin embargo, el dato sirvi\u00f3 para conocer otro de los circuitos que funciona para que los gigantes tecnol\u00f3gicos expandan su influencia internacional: el Young Global Leaders (YGL), una plataforma impulsada por el Foro Econ\u00f3mico Mundial, gracias a la cual Garret\u00f3n logr\u00f3 un v\u00ednculo profundo con Howery.&nbsp;<\/p>\n\n\n\n<p>\u201cNo soy amigo de Thiel. Lo conoc\u00ed una vez hace bastante tiempo en San Francisco a trav\u00e9s de Ken, con quien s\u00ed tengo buena onda. Incluso, viajamos juntos alguna vez\u201d, cont\u00f3 para esta investigaci\u00f3n Garret\u00f3n, quien abandon\u00f3 la pol\u00edtica y hoy est\u00e1 al frente de Terraflos, una compa\u00f1\u00eda biotecnol\u00f3gica que combina inteligencia artificial con agricultura celular para desarrollar compuestos destinados a la salud, el bienestar y la longevidad preventiva.&nbsp;<\/p>\n\n\n\n<p>Los miembros del YGL pueden provenir del sector p\u00fablico o privado y no existe un proceso de inscripci\u00f3n, sino que cada nombre debe ser propuesto por alguien que haya pasado por el programa y luego ser evaluado por las autoridades de la plataforma.&nbsp;<\/p>\n\n\n\n<p>Formar parte significa, sobre todo, acceder a una red de contactos de \u00e9lite. El YGL seleccion\u00f3 a otros argentinos a lo largo de los a\u00f1os. En la lista aparecen cuatro dirigentes que ocuparon cargos durante el macrismo: Esteban Bullrich (senador), Eugenio Burzaco (ministro de Seguridad de la Ciudad) y Sebasti\u00e1n Kind (subsecretario de Energ\u00edas Renovables de la Naci\u00f3n). Entre los pol\u00edticos tambi\u00e9n figuran el actual senador Mart\u00edn Lousteau, que form\u00f3 parte de la coalici\u00f3n Juntos por el Cambio. \u201cMe eligieron en 2008, pero nunca us\u00e9 la red para nada\u201d, respondi\u00f3 cuando fue consultado.&nbsp;<\/p>\n\n\n\n<p>Usar la red sirve para tejer contactos. S\u00f3lo basta con buscar los nombres de los empresarios regionales que forman parte para advertir que se trata de un circuito peque\u00f1o en el que todos se conocen. Por ejemplo, en su cuenta de LinkedIn, Garret\u00f3n cont\u00f3 que, en el marco del Young Global Leaders, comparti\u00f3 un viaje a la Patagonia con Felipe Kast, senador chileno y sobrino del presidente Jos\u00e9 Antonio Kast. Kast \u2014y tambi\u00e9n el empresario argentino Alejandro Malgor\u2014 forman parte del directorio de Libertad Capital, un fondo de private equity con ra\u00edces en Mendoza que apunta a recaudar 50 millones de d\u00f3lares para invertir en sectores estrat\u00e9gicos como la energ\u00eda y al que se sum\u00f3, en febrero, Mart\u00edn Varsavsky, un argentino que forma parte de la elite de Silicon Valley y que acaba de ser noticia internacional por su b\u00fanker mendocino Wamani.&nbsp;<\/p>\n\n\n\n<h2 class=\"wp-block-heading\">\u00bfA qu\u00e9 le teme Peter Thiel?<\/h2>\n\n\n\n<p>Hay otra particularidad de Milei que a Thiel le debe interesar. De todos los presidentes del planeta, s\u00f3lo uno puede considerarse ganador de una batalla que nadie antes gan\u00f3 en la historia de la humanidad: la batalla contra la muerte.&nbsp;<\/p>\n\n\n\n<p>El presidente libertario est\u00e1 convencido de que su perro Conan, al que adopt\u00f3 en 2002, reencarn\u00f3 en el clon que mand\u00f3 a hacer en 2018. Esa combinaci\u00f3n de ciencia m\u00e1s vida eterna es lo que se conoce como \u201ctranshumanismo\u201d: un movimiento muy popular en el 1% de la elite global, que sostiene que la tecnolog\u00eda podr\u00e1 lograr alargar la vida hasta l\u00edmites insospechados. Thiel ha dicho en declaraciones p\u00fablicas: \u201cLa muerte es un mal y no deber\u00edamos aceptarla. No hay que tratar a la muerte como algo natural: hay que luchar contra ella\u201d.<\/p>\n\n\n\n<p>Es que el due\u00f1o de Palantir no es s\u00f3lo un tecnomagnate que intenta dise\u00f1ar el futuro del capitalismo. Tambi\u00e9n tiene todo un costado entre sobrenatural y futurista. Es uno de los grandes aportantes de la&nbsp;<a href=\"https:\/\/www.mfoundation.org\/who-we-are\">Fundaci\u00f3n Matusal\u00e9n&nbsp;<\/a>\u2014el nombre es por el personaje b\u00edblico que vivi\u00f3 casi mil a\u00f1os\u2014 dedicada a extender la vida humana. \u201cHacer que los noventa sean los nuevos cincuentas para 2030\u201d, es su lema.&nbsp;<\/p>\n\n\n\n<p>Thiel es un ferviente seguidor de esas ideas: en varios reportajes cont\u00f3 que estaba \u201cinvestigando\u201d la parabiosis (el intercambio de sangre joven a organismos mayores), algo que muchos en Silicon Valley creen que ya est\u00e1 haciendo.&nbsp;<\/p>\n\n\n\n<p>Tambi\u00e9n se registr\u00f3 en la fundaci\u00f3n&nbsp;<a href=\"http:\/\/www.alcor.org\/\">Alcor Life Extension&nbsp;<\/a>para que lo congelen cuando muera, con la esperanza de que la tecnolog\u00eda del futuro lo reviva.&nbsp;<\/p>\n\n\n\n<p>Y al mismo tiempo invirti\u00f3 en Minicircle, una empresa que ofrece inyecciones de ADN para ralentizar el crecimiento, que no casualmente est\u00e1 en Pr\u00f3spera. Este es tal vez el cap\u00edtulo m\u00e1s pol\u00e9mico de esa ciudad privada: con su sistema de reglas propio, este experimento en Honduras tiene menos regulaciones que la FDA estadounidense, lo que la convierte en uno de los lugares m\u00e1s buscados del planeta para la experimentaci\u00f3n m\u00e9dica.<\/p>\n\n\n\n<p>El temor de Thiel a la decrepitud del cuerpo se combina con otro de sus grandes miedos: \u201cHay s\u00f3lo 50% de chances de que la humanidad llegue a ver el fin de este siglo\u201d, es una de sus frases cabecera.&nbsp;<\/p>\n\n\n\n<p>Est\u00e1 convencido de que, m\u00e1s temprano que tarde, va a estallar una guerra mundial, un apocalipsis del que suele culpabilizar al Anticristo, al que describe como una especie de dictador woke.&nbsp;<\/p>\n\n\n\n<p>A esa figura la ha emparentado, a modo de ejemplo, con la activista Greta Thunberg y, m\u00e1s recientemente, al papa Le\u00f3n XIV. Esto ocurri\u00f3 luego de que el sucesor de Francisco presentara en mayo su primera enc\u00edclica,&nbsp;<a href=\"https:\/\/www.revistaanfibia.com\/la-gran-batalla-de-nuestro-tiempo-enciclica-magnifica-humanitas-peter-thiel\/\">\u201cMagnifica Humanitas\u201d<\/a>, en la que abiertamente planteaba \u201cdesarmar la IA, sustraerla de la l\u00f3gica de la competencia militar e impedirle el dominio sobre lo humano\u201d.&nbsp;<\/p>\n\n\n\n<p>Por si el destinatario de esa declaraci\u00f3n no hab\u00eda quedado del todo claro, el Sumo Pont\u00edfice le agreg\u00f3 una cita de&nbsp;<em>El Se\u00f1or de los Anillos<\/em>&nbsp;a su obra: Palantir debe su nombre a las \u201cpiedras videntes\u201d del cl\u00e1sico de Tolkien. De hecho, la obsesi\u00f3n de Thiel con esa obra es tal que a poco de llegar a Barrio Parque mand\u00f3 a empapelar los cuartos de sus dos hijos con im\u00e1genes de la pel\u00edcula.<\/p>\n\n\n\n<p>La posibilidad del fin de los tiempos es un temor creciente en Thiel. El New York Times cont\u00f3 que ese fue el \u00fanico tema del que habl\u00f3 cuando invit\u00f3 a un grupo selecto de economistas argentinos a su casa. Y un \u00edntimo amigo de Grabois entrevistado para nuestra investigaci\u00f3n dice que, adem\u00e1s de lo que cont\u00f3 el dirigente en varios reportajes \u2014ha dicho que la cita gir\u00f3 alrededor de la enc\u00edclica papal\u2014, tambi\u00e9n la figura del Anticristo lleg\u00f3 a la mesa. \u201cJuan se qued\u00f3 muy preocupado\u201d, asegura esta persona.<\/p>\n\n\n\n<p>Tal es la atenci\u00f3n que le da Thiel al eventual fin de los tiempos que cada vez que se mueve por el mundo se sospecha que est\u00e1 buscando un posible refugio en caso de un estallido nuclear.&nbsp;<\/p>\n\n\n\n<p>Cuando pas\u00f3 por Nueva Zelanda en 2011 compr\u00f3 terrenos y el gobierno le dio una discutida ciudadan\u00eda. En Uruguay hay reportes de que compr\u00f3 uno en las afueras de Punta del Este, mientras que en Argentina volvi\u00f3 a circular la misma historia. En este suelo hay un adicional: Mart\u00edn Varsasky, que ya apareci\u00f3 en esta historia, es socio de Alec Oxenford, uno de los nexos entre Thiel y Milei, en el refugio Wamani.<\/p>\n\n\n\n<p>En diciembre de 2023 Varsavsky y Oxenford compraron 32 mil hect\u00e1reas en San Carlos, un peque\u00f1o departamento en Mendoza, a casi 200 kil\u00f3metros de la ciudad m\u00e1s cercana. Desde entonces, el empresario, muy cercano a Milei \u2014el \u00fanico que public\u00f3 fotos de la \u201cSala Conan\u201d, el lugar de la Quinta de Olivos donde el libertario guarda algunos estramb\u00f3ticos cuadros en los que aparece personificado como la reencarnaci\u00f3n de Mois\u00e9s\u2014, habl\u00f3 de ese gigantesco campo como un refugio ante una guerra mundial. Una reciente nota del Financial Times sobre ese experimento caus\u00f3 tanto revuelo que el empresario sali\u00f3 a modificar su versi\u00f3n original para decir que cuando hablaba de refugio lo hac\u00eda casi en t\u00e9rminos metaf\u00f3ricos.&nbsp;<\/p>\n\n\n\n<figure class=\"wp-block-image\"><img decoding=\"async\" src=\"https:\/\/www.revistaanfibia.com\/wp-content\/uploads\/2026\/08\/Varsa.jpg\" alt=\"\" class=\"wp-image-221815\"\/><\/figure>\n\n\n\n<p><sup>Mart\u00edn Varsavksy, ide\u00f3logo del proyecto Wanami<\/sup><\/p>\n\n\n\n<p>Con la condici\u00f3n de que su nombre no figurara en esta investigaci\u00f3n, un joven empresario que conoce a algunos de los socios de Varsavsky en Wanami cont\u00f3: \u201cLa idea empez\u00f3 como una cosa de amigos, entre ellos, pero lo hicieron. Todos los que est\u00e1n en cierto nivel est\u00e1n armando sus b\u00fankers as\u00ed que si explota una guerra tienen d\u00f3nde refugiarse\u201d.&nbsp;<\/p>\n\n\n\n<p>\u00bfThiel estar\u00e1 pensando en algo parecido? No s\u00f3lo le teme a la muerte o a la cat\u00e1strofe. Tal cual revela el manifiesto de Palantir o las \u00faltimas dos d\u00e9cadas de debate p\u00fablico del magnate, el avance del Islam lo preocupa.&nbsp;<\/p>\n\n\n\n<p>\u201cBuenos Aires es la \u00faltima ciudad europea, lo m\u00e1s cercano que tenemos a la Europa que fue\u201d, dijo Weinstein en Buenos Aires. En una charla con el conductor Tom\u00e1s Rebord, Grabois dio a entender que hab\u00eda hablado de lo mismo con Thiel: \u201cLa gente ultra rica del mundo dice que Argentina es el \u00faltimo pa\u00eds europeo del mundo. Y lo dicen porque no hay paquistan\u00edes, negros ni musulmanes\u201d.&nbsp;<\/p>\n\n\n\n<p>Argentina, claro, podr\u00eda llegar a ser otro tipo de refugio para el magnate. \u201cA todos los billonarios del mundo que quieren huir de pa\u00edses cada vez m\u00e1s regulados, con mayores impuestos y Estados que persiguen a sus ciudadanos, les queremos decir que son bienvenidos a Argentina\u201d, dijo Manuel Adorni, cuando todav\u00eda era jefe de Gabinete, en una especie de bienvenida a Thiel.&nbsp;<\/p>\n\n\n\n<p>Era un centro a la cabeza del magnate: el hombre viene m\u00e1s que preocupado con las presiones populares en Estados Unidos para gravar m\u00e1s impuestos a los megamillonarios, y con unas elecciones legislativas a la vuelta de la esquina que ser\u00e1n dif\u00edciles para Trump.&nbsp;<\/p>\n\n\n\n<p>\u201cNo puedo decidir a\u00fan si dejar el estado o el pa\u00eds\u201d, hab\u00eda dicho en 2024, cuando estas ideas impositivas empezaban a tomar vuelo. Este a\u00f1o pinta peor: el 3 de noviembre se celebrar\u00e1 en California \u2014el lugar donde el tecnomagnate vive cuando no est\u00e1 en Dardo Rocha o en otra parte del planeta\u2014 el \u201cBillionare Tax Act\u201d, un refer\u00e9ndum popular para gravar o no un impuesto \u00fanico del 5% sobre el patrimonio de personas con m\u00e1s de 1.000 millones de d\u00f3lares. En enero, Thiel don\u00f3 tres millones de d\u00f3lares a California Business Roundtable, un comit\u00e9 que busca frenar esa medida.&nbsp;<\/p>\n\n\n\n<h2 class=\"wp-block-heading\">En Vaca Muerta<\/h2>\n\n\n\n<p>De todas las personas que tuvieron alg\u00fan contacto directo con Thiel s\u00f3lo una revel\u00f3 en p\u00fablico los aparentes motivos del tecnomagnate para viajar al fin del mundo. Fue, sorpresivamente, el chileno Johannes Kaiser. \u201cMe dijo que est\u00e1 buscando invertir en miner\u00eda, no en miner\u00eda de datos sino en miner\u00eda, tanto en Argentina como en Chile, pa\u00edses de los que est\u00e1 muy interesado en su futuro\u201d, cont\u00f3 el libertario, hermano de Axel, un intelectual muy cercano a Milei.&nbsp;<\/p>\n\n\n\n<p>Thiel estuvo en el pa\u00eds vecino en los primeros d\u00edas de mayo, poco despu\u00e9s de desembarcar en Argentina. Esa visita hab\u00eda sido de inc\u00f3gnito hasta que Jos\u00e9 Pi\u00f1era, hermano del ex presidente Sebasti\u00e1n y uno de los ministros m\u00e1s importantes de la dictadura de Augusto Pinochet, subi\u00f3 una improvisada selfie a sus redes. Eso caus\u00f3 un tembladeral pol\u00edtico, ruido que termin\u00f3 con el Gobierno confirmando que el due\u00f1o de Palantir hab\u00eda llegado a reunirse con Jos\u00e9 Antonio Kast en la Casa de la Moneda.&nbsp;<\/p>\n\n\n\n<p>Antes de volver a Barrio Norte, Thiel pas\u00f3 por Paraguay, donde se reuni\u00f3 con el presidente Santiago Pe\u00f1a.<\/p>\n\n\n\n<p>Lo que adelant\u00f3 Kaiser \u2014quien tambi\u00e9n revel\u00f3 que Thiel \u201cestaba muy cr\u00edtico del sistema democr\u00e1tico\u201d\u2014 ya empez\u00f3 a cumplirse. El 14 de de agosto, el fondo Thiel Macro LLC present\u00f3 un Formulario 13F ante la Securities and Exchange Commission (SEC) para informar su desembarco como inversor en Vista Energy, la petrolera fundada por Miguel Galuccio, el primer presidente y CEO de YPF luego de ser reestatizada durante el gobierno de Cristina Fern\u00e1ndez.&nbsp;<\/p>\n\n\n\n<p>Con esta operaci\u00f3n, Thiel adquiri\u00f3 cerca del 1% de Vista Energy, en lo que fue su primera inversi\u00f3n formal en Argentina, m\u00e1s all\u00e1 de la casa en Barrio Norte. Al cierre del segundo trimestre, esa participaci\u00f3n ten\u00eda un valor de unos US$76 millones. La noticia se conoci\u00f3 a trav\u00e9s de los medios especializados y no fue informada por las partes. Apenas trascendi\u00f3, se produjo un salto de m\u00e1s del 5% en la cotizaci\u00f3n de la compa\u00f1\u00eda de Galuccio en Nueva York.&nbsp;<\/p>\n\n\n\n<figure class=\"wp-block-image\"><img decoding=\"async\" src=\"https:\/\/www.revistaanfibia.com\/wp-content\/uploads\/2026\/08\/Proyecto-nuevo.jpg\" alt=\"\" class=\"wp-image-221816\"\/><\/figure>\n\n\n\n<p><em><sup>Miguel Galuccio y Vista Energy sirvieron a Thiel para hacer pie en Argentina<\/sup><\/em><\/p>\n\n\n\n<p>Thiel Macro LLC est\u00e1 lejos de ser un inversionista determinante en el rumbo de Vista Energy. Sin embargo, cuando se observan las ocho compa\u00f1\u00edas declaradas de la cartera, la operaci\u00f3n adquiere otra relevancia: Vista Energy \u2014que a diferencia de otras empresas como YPF, Pampa Energy o Pan American, es la \u00fanica dedicada 100% a Vaca Muerta\u2014 se convirti\u00f3 en la segunda mayor posici\u00f3n del fondo, s\u00f3lo detr\u00e1s de Amazon, y es la \u00fanica no estadounidense del listado.&nbsp;<\/p>\n\n\n\n<p>Thiel mantuvo en Buenos Aires un encuentro de m\u00e1s de una hora con Galuccio, seg\u00fan trascendi\u00f3 a la prensa y se pudo verificar para esta investigaci\u00f3n. Si la inversi\u00f3n se concret\u00f3 antes o despu\u00e9s es un misterio. Los temas de conversaci\u00f3n, tambi\u00e9n. En el entorno del empresario el hermetismo es absoluto.&nbsp;<\/p>\n\n\n\n<p>Invertir en una empresa dedicada al shale oil en Vaca Muerta puede resultar atractiva para alguien como Thiel porque permite vincular dos negocios estrat\u00e9gicos: la producci\u00f3n de hidrocarburos y la infraestructura digital.&nbsp;<\/p>\n\n\n\n<p>Una petrolera que aumenta su producci\u00f3n de petr\u00f3leo tambi\u00e9n genera mayores vol\u00famenes de gas asociado, que puede convertirse en una fuente de energ\u00eda para abastecer a proyectos de generaci\u00f3n el\u00e9ctrica, entre otros el minado de criptomonedas, una de las crecientes obsesiones de Thiel. \u201cSi la inteligencia artificial es comunista, la cripto es libertaria\u201d, suele repetir el tecnomagnate.<\/p>\n\n\n\n<p>Ver\u00f3nica Robert, especialista en econom\u00eda de la innovaci\u00f3n e investigadora del Conicet, explica que en este sector \u201clas condiciones clim\u00e1ticas, el recurso h\u00eddrico y la conectividad son fundamentales, pero lo que m\u00e1s se busca es energ\u00eda barata\u201d. La disponibilidad energ\u00e9tica es clave para la instalaci\u00f3n de data centers o infraestructura para la exportaci\u00f3n de capacidad de c\u00f3mputo.&nbsp;<\/p>\n\n\n\n<p>Para Robert una pista de qu\u00e9 puede estar buscando Thiel en la Patagonia se puede rastrear en la \u00faltima entrevista que dio Emiliano Kargieman, cofundador y CEO de Satellogic: el empresario sostuvo que Argentina deber\u00eda aprovechar sus recursos energ\u00e9ticos para producir y exportar activos intangibles. \u201cUno podr\u00eda pensar en una vertical de exportaci\u00f3n argentina real de decenas o cientos de miles de millones de d\u00f3lares de c\u00f3mputo\u201d, dijo a La Naci\u00f3n.<\/p>\n\n\n\n<p>Kargieman defendi\u00f3 el RIGI y el S\u00faper Rigi para \u201cconvencer\u201d a los grandes inversores. Thiel ya parece haber dado el primer paso.&nbsp;<\/p>\n\n\n\n<h2 class=\"wp-block-heading\">L\u00edmites<\/h2>\n\n\n\n<p>Una sola persona con llegada a Peter Thiel acept\u00f3 responder preguntas para esta investigaci\u00f3n. Sobre la relaci\u00f3n con el presidente, asegur\u00f3: \u201cThiel recolecta personajes, y Milei es un personaje\u201d.&nbsp;<\/p>\n\n\n\n<p>Asegur\u00f3, adem\u00e1s, que Thiel est\u00e1 \u201cfascinado\u201d con el libertario y no le sorprende que no le haga ruido que Milei haya comparado en Davos la homosexualidad con la pedofilia. \u201cEs un hombre que vive de una manera que parece contradictoria, casi imposible y es capaz de apoyar a gente que est\u00e1 en contra de las ideas en las que \u00e9l verdaderamente cree\u201d, sostuvo nuestro informante.&nbsp;<\/p>\n\n\n\n<p>Thiel busca \u201cintellectual stimulation\u201d, seg\u00fan la misma fuente. Al parecer, le gusta la conversaci\u00f3n, imaginar y llevar las ideas a extremos que la gran mayor\u00eda podr\u00eda considerar inconcebibles. Milei lleg\u00f3 a decir que no ve\u00eda mal que un hombre se cortara el brazo para darle de comer a su familia.&nbsp;<\/p>\n\n\n\n<p>En t\u00e9rminos pol\u00edticos, asegur\u00f3 que al magnate le interesa el \u201ctinkering with\u201d, es decir, experimentar con el funcionamiento de los gobiernos y probar formas alternativas de organizaci\u00f3n pol\u00edtica; y el \u201cseasteading\u201d, la idea que ya vimos sobre la creaci\u00f3n de comunidades aut\u00f3nomas en el mar, fuera de las estructuras tradicionales de los Estados.<\/p>\n\n\n\n<figure class=\"wp-block-image\"><img decoding=\"async\" src=\"https:\/\/www.revistaanfibia.com\/wp-content\/uploads\/2026\/08\/vientos.jpg\" alt=\"\" class=\"wp-image-221817\"\/><\/figure>\n\n\n\n<p><em><sup>Thiel fue anunciado como uno de los principales oradores de la convenci\u00f3n de Vientos de Cambio<\/sup><\/em><\/p>\n\n\n\n<p>Esta persona cree que Thiel no tiene m\u00e1s intenciones que esa y es esc\u00e9ptico con la idea de que el tecnomagnate est\u00e9 pensando en crear una \u201cmini Argentina\u201d. Sus antecedentes, sin embargo, generan dudas.&nbsp;<\/p>\n\n\n\n<p>Thiel se mueve como un todopoderoso. Estaba listo para participar como principal orador de la conferencia Vientos de Cambio en Buenos Aires y hacer una aparici\u00f3n p\u00fablica mucho m\u00e1s visible y arriesgada. Pero tuvo que retroceder. Mientras algunos l\u00edderes pol\u00edticos lo celebran, en las calles ya es un enemigo declarado.&nbsp;<\/p>\n\n\n\n<p>Los libertarios lo recibieron con los brazos abiertos, pero tambi\u00e9n los conservadores que forman parte de La Libertad Avanza. Por lo bajo, con un audio configurado para autodestruirse despu\u00e9s de ser escuchado, un dirigente de derecha muy vinculado a la Iglesia Cat\u00f3lica manifest\u00f3 su desconfianza. El transhumanismo causa estupor en este sector, pero todav\u00eda no es tiempo de decir nada. El 2027 est\u00e1 demasiado cerca.&nbsp;<\/p>\n\n\n\n<p>En la oposici\u00f3n, salvo contadas excepciones, hay silencio sobre Thiel. Una parte de la clase pol\u00edtica no entiende cu\u00e1l es la discusi\u00f3n que quiere dar el tecnomagnate y otra se entusiasma con la llegada de inversiones que promete el sector tecnol\u00f3gico. Los anuncios de data centers, y las promesas del derrame que llegar\u00e1 por la explotaci\u00f3n de litio del NOA, de la energ\u00eda de Neuqu\u00e9n o del uranio en Chubut, por poner algunos ejemplos, funcionan como anzuelos para un amplio espectro de la clase pol\u00edtica.&nbsp;<\/p>\n\n\n\n<figure class=\"wp-block-image\"><img decoding=\"async\" src=\"https:\/\/www.revistaanfibia.com\/wp-content\/uploads\/2026\/08\/Gandalf_02-1.jpg\" alt=\"\" title=\"Gandalf_02\"\/><\/figure>\n\n\n\n<p><em><sup>Los Gandalfs del Sur frente a la casa de Peter Thiel<\/sup><\/em><\/p>\n\n\n\n<p>Hasta ahora, el due\u00f1o de Palantir encontr\u00f3 pocos obst\u00e1culos. Uno de ellos es el periodismo, que le mont\u00f3 una guardia para llegar a tener una pista de sus movimientos, llev\u00f3 al mundo la noticia del cierre de la sala de prensa de Casa Rosada y lo sigue investigando.&nbsp;<\/p>\n\n\n\n<p>Thiel entiende la informaci\u00f3n tambi\u00e9n como propiedad privada y no son casuales su hermetismo y su sed de datos. Quiz\u00e1s haya sintonizado con Milei en su odio a los periodistas e imagine un mundo sin ellos.&nbsp;<\/p>\n\n\n\n<p>Tambi\u00e9n encontr\u00f3 l\u00edmites en la sociedad civil, que todav\u00eda es fuerte en Argentina. Decenas de representantes de organizaciones sociales participaron en audiencias en el Congreso para impedir proyectos como S\u00faper RIGI o la Ley de Inviolabilidad de la Propiedad Privada y lograron demorarlos o cambiar art\u00edculos clave. Y luego estuvo el triunfo de los&nbsp;<a href=\"https:\/\/www.revistaanfibia.com\/gandalf-peter-thiel-magia-contra-los-tecnofeudales\/\">Gandalf del Sur,<\/a>&nbsp;que lo escracharon en la puerta de su mansi\u00f3n y lo llevaron a bajarse de la conferencia Vientos de Cambio.&nbsp;<\/p>\n\n\n\n<p>Al cierre de esta investigaci\u00f3n, nadie sabe cu\u00e1ntas ganas tiene Peter Thiel de irse o quedarse en Argentina. No sabemos si el futuro que imagina ser\u00e1 el nuestro. Su armado con intermediarios, enviados, enlaces, y empresas montadas unas sobre otras, est\u00e1 por ahora s\u00f3lido y en marcha. Entre tanto misterio, hoy es un poco m\u00e1s visible.<\/p>\n","protected":false},"excerpt":{"rendered":"<p>Una investigaci\u00f3n anfibia Peter Thiel sorprendi\u00f3 cuando este a\u00f1o decidi\u00f3 instalarse en Argentina, pero el&#8230;<\/p>\n","protected":false},"author":4,"featured_media":0,"comment_status":"open","ping_status":"open","sticky":false,"template":"","format":"standard","meta":{"footnotes":""},"categories":[1],"tags":[],"class_list":["post-1114","post","type-post","status-publish","format-standard","hentry","category-uncategorized"],"_links":{"self":[{"href":"https:\/\/radiola25.com.ar\/index.php\/wp-json\/wp\/v2\/posts\/1114","targetHints":{"allow":["GET"]}}],"collection":[{"href":"https:\/\/radiola25.com.ar\/index.php\/wp-json\/wp\/v2\/posts"}],"about":[{"href":"https:\/\/radiola25.com.ar\/index.php\/wp-json\/wp\/v2\/types\/post"}],"author":[{"embeddable":true,"href":"https:\/\/radiola25.com.ar\/index.php\/wp-json\/wp\/v2\/users\/4"}],"replies":[{"embeddable":true,"href":"https:\/\/radiola25.com.ar\/index.php\/wp-json\/wp\/v2\/comments?post=1114"}],"version-history":[{"count":1,"href":"https:\/\/radiola25.com.ar\/index.php\/wp-json\/wp\/v2\/posts\/1114\/revisions"}],"predecessor-version":[{"id":1116,"href":"https:\/\/radiola25.com.ar\/index.php\/wp-json\/wp\/v2\/posts\/1114\/revisions\/1116"}],"wp:attachment":[{"href":"https:\/\/radiola25.com.ar\/index.php\/wp-json\/wp\/v2\/media?parent=1114"}],"wp:term":[{"taxonomy":"category","embeddable":true,"href":"https:\/\/radiola25.com.ar\/index.php\/wp-json\/wp\/v2\/categories?post=1114"},{"taxonomy":"post_tag","embeddable":true,"href":"https:\/\/radiola25.com.ar\/index.php\/wp-json\/wp\/v2\/tags?post=1114"}],"curies":[{"name":"wp","href":"https:\/\/api.w.org\/{rel}","templated":true}]}}