{"id":1082,"date":"2026-05-03T08:51:10","date_gmt":"2026-05-03T11:51:10","guid":{"rendered":"https:\/\/radiola25.com.ar\/?p=1082"},"modified":"2026-05-03T08:51:10","modified_gmt":"2026-05-03T11:51:10","slug":"convocatoria-por-eduardo-carlon-pereyra-rossi","status":"publish","type":"post","link":"https:\/\/radiola25.com.ar\/index.php\/2026\/05\/03\/convocatoria-por-eduardo-carlon-pereyra-rossi\/","title":{"rendered":"CONVOCATORIA- Por Eduardo &#8220;Carl\u00f3n&#8221; Pereyra Rossi*"},"content":{"rendered":"\n<p>Convoco a los que todos los d\u00edas se levantan y salen a yugarla por migajas que no alcanzan, a que se rebelen.&nbsp;<\/p>\n\n\n\n<figure class=\"wp-block-image size-full\"><img loading=\"lazy\" decoding=\"async\" width=\"320\" height=\"240\" src=\"https:\/\/radiola25.com.ar\/wp-content\/uploads\/2026\/05\/image-1.png\" alt=\"\" class=\"wp-image-1083\" srcset=\"https:\/\/radiola25.com.ar\/wp-content\/uploads\/2026\/05\/image-1.png 320w, https:\/\/radiola25.com.ar\/wp-content\/uploads\/2026\/05\/image-1-300x225.png 300w\" sizes=\"auto, (max-width: 320px) 100vw, 320px\" \/><\/figure>\n\n\n\n<p>Convoco a los que todos los d\u00edas vacilan en ir o no ir al templo que envejece los corazones.<br>Convoco a los que caminan sin rumbo en una tarde cualquiera, buscando una raz\u00f3n.<br>Convoco a los pac\u00edficos que no est\u00e1n cumpliendo con su deber a pesar de sus buenas intenciones.<br>Convoco a los que no comen lo suficiente ni se abrigan lo necesario y tienen sed torrencial.<br>Convoco a los peque\u00f1os de ambiciones que dejan a los dem\u00e1s ambicionar m\u00e1s de la cuenta.<br>Los convoco a dar vuelta el pull\u00f3ver, a pegarle al prepotente y a escupir en la cara a los que no han sido convocados.<br>Los convoco a romper lo que no sirve, a perpetrar los robos necesarios, y a recuperar lo perdido.<br>Los convoco a cagarse en el miedo y patear las puertas donde encerrados est\u00e1n los condenados.<br>Los convoco a abrir las c\u00e1rceles a ventilar las tumbas y a levantar las calaveras de los hermanos heridos de muerte.<br>Los convoco a abrazarse en las plazas del pa\u00eds, a escribir los muros, y a fusilar a los fusiladores.<br>Los convoco a no atar nada, sino a despedazar las cadenas.<br>Los convoco a agitar banderas y colores y correr liberados por las calles y por los campos h\u00famedos de roc\u00edo.<br>Los convoco a ser sinceros, a putear a los hijos de puta, a desobedecer al tirano, a amar sin l\u00edmites y a odiar.<br>Y si, a \u00e9sa convocatoria por impol\u00edtica no concurre nadie, \u00a1Mala leche! Quedan entonces convocados al entierro de la vida del que tuvo \u00e9sta p\u00e9sima idea.<br>S\u00ed a \u00e9sta convocatoria vienen algunos, pero no todos los convocados, no importa, en la pr\u00f3xima seremos m\u00e1s.<br>Y, si a \u00e9sta convocatoria, vienen todos los convocados, la cordura habr\u00e1 invadido en Revoluci\u00f3n nuestro pa\u00eds para siempre.<br><\/p>\n\n\n\n<p>*Fue el responsable, el miembro de la Conducci\u00f3n Nacional de Montoneros encargado de ejecutar la Contraofensiva en toda la Zona Sur del Conurbano. Fue ascendido luego de que el comandante Hern\u00e1n (Horacio Mendiz\u00e1bal), entonces jefe del Ej\u00e9rcito Montonero, fuera asesinado en el pa\u00eds. Ten\u00eda 33 a\u00f1os cuando lo mataron, y era miembro de la Conducci\u00f3n Nacional de Montoneros. Fue estudiante de Filosof\u00eda en la Universidad de Buenos Aires y militante de Juventud Peronista. En 1971 fue detenido por tenencia de arma y documento adulterado. Sali\u00f3 en libertad con la amnist\u00eda presidencial del 25 de mayo de 1973. En 1975 se hizo cargo del sector de Prensa de la organizaci\u00f3n y 1976 fue responsable de la Columna Sur. En 1977 sali\u00f3 del pa\u00eds rumbo a M\u00e9xico, donde desarroll\u00f3 actividades de prensa y difusi\u00f3n, y m\u00e1s tarde coordin\u00f3 una base de entrenamiento de Montoneros. Retorn\u00f3 al pa\u00eds en 1980, con la segunda Contraofensiva. Ten\u00eda entonces el grado de oficial superior y segundo comandante montonero. Estaba en pareja con Estela Cereseto, quien guard\u00f3 los poemas que fue escribiendo en esos a\u00f1os de batallas. Muri\u00f3 enfrentando a la \u00faltima dictadura. Junto a Osvaldo &#8220;El Viejo&#8221; Cambiasso, fue secuestrado en Rosario y asesinado el 14 de mayo de 1983, en Lima, partido de Z\u00e1rate, provincia de Buenos Aires. Luis Patti siempre fue se\u00f1alado como el responsable (del libro MONTONEROS SILVESTRES. Historias de resistencia a la dictadura en el Sur del Conurbano)-<\/p>\n\n\n\n<p style=\"padding-top:0;padding-bottom:0\"><\/p>\n\n\n\n<p><\/p>\n","protected":false},"excerpt":{"rendered":"<p>Convoco a los que todos los d\u00edas se levantan y salen a yugarla por migajas&#8230;<\/p>\n","protected":false},"author":4,"featured_media":0,"comment_status":"open","ping_status":"open","sticky":false,"template":"","format":"standard","meta":{"footnotes":""},"categories":[1],"tags":[],"class_list":["post-1082","post","type-post","status-publish","format-standard","hentry","category-uncategorized"],"_links":{"self":[{"href":"https:\/\/radiola25.com.ar\/index.php\/wp-json\/wp\/v2\/posts\/1082","targetHints":{"allow":["GET"]}}],"collection":[{"href":"https:\/\/radiola25.com.ar\/index.php\/wp-json\/wp\/v2\/posts"}],"about":[{"href":"https:\/\/radiola25.com.ar\/index.php\/wp-json\/wp\/v2\/types\/post"}],"author":[{"embeddable":true,"href":"https:\/\/radiola25.com.ar\/index.php\/wp-json\/wp\/v2\/users\/4"}],"replies":[{"embeddable":true,"href":"https:\/\/radiola25.com.ar\/index.php\/wp-json\/wp\/v2\/comments?post=1082"}],"version-history":[{"count":1,"href":"https:\/\/radiola25.com.ar\/index.php\/wp-json\/wp\/v2\/posts\/1082\/revisions"}],"predecessor-version":[{"id":1084,"href":"https:\/\/radiola25.com.ar\/index.php\/wp-json\/wp\/v2\/posts\/1082\/revisions\/1084"}],"wp:attachment":[{"href":"https:\/\/radiola25.com.ar\/index.php\/wp-json\/wp\/v2\/media?parent=1082"}],"wp:term":[{"taxonomy":"category","embeddable":true,"href":"https:\/\/radiola25.com.ar\/index.php\/wp-json\/wp\/v2\/categories?post=1082"},{"taxonomy":"post_tag","embeddable":true,"href":"https:\/\/radiola25.com.ar\/index.php\/wp-json\/wp\/v2\/tags?post=1082"}],"curies":[{"name":"wp","href":"https:\/\/api.w.org\/{rel}","templated":true}]}}