{"id":1040,"date":"2026-03-16T13:14:44","date_gmt":"2026-03-16T16:14:44","guid":{"rendered":"https:\/\/radiola25.com.ar\/?p=1040"},"modified":"2026-03-16T13:14:45","modified_gmt":"2026-03-16T16:14:45","slug":"hay-que-aprender-a-resistir-ni-a-irse-ni-a-quedarse-a-resistir-aunque-es-seguro-que-habra-mas-penas-y-olvido","status":"publish","type":"post","link":"https:\/\/radiola25.com.ar\/index.php\/2026\/03\/16\/hay-que-aprender-a-resistir-ni-a-irse-ni-a-quedarse-a-resistir-aunque-es-seguro-que-habra-mas-penas-y-olvido\/","title":{"rendered":"\u201cHay que aprender a resistir. Ni a irse ni a quedarse, a resistir, aunque es seguro que habr\u00e1 m\u00e1s penas y olvido\u201d."},"content":{"rendered":"\n<figure class=\"wp-block-image size-full\"><img loading=\"lazy\" decoding=\"async\" width=\"533\" height=\"800\" src=\"https:\/\/radiola25.com.ar\/wp-content\/uploads\/2026\/03\/image-6.png\" alt=\"\" class=\"wp-image-1041\" srcset=\"https:\/\/radiola25.com.ar\/wp-content\/uploads\/2026\/03\/image-6.png 533w, https:\/\/radiola25.com.ar\/wp-content\/uploads\/2026\/03\/image-6-200x300.png 200w\" sizes=\"auto, (max-width: 533px) 100vw, 533px\" \/><\/figure>\n\n\n\n<p>Un 10 de marzo, de 1997, Juan Gelman ganaba el Premio Nacional de Poes\u00eda, y ese es el punto de partida que Baschetti elige para repasar la vida, militancia y carrera literaria y period\u00edstica de un hombre que se jug\u00f3 la vida por un proyecto pol\u00edtico y que obtuvo, con su poes\u00eda, los premios y reconocimientos m\u00e1s prestigiosos de la lengua castellana.<\/p>\n\n\n\n<ul class=\"wp-block-list\">\n<li>Por\u00a0<a href=\"https:\/\/kranear.com.ar\/autor\/roberto-baschetti\">Roberto Baschetti<\/a>\u00a0<\/li>\n\n\n\n<li>\u00a0 14 de Marzo de 2026<\/li>\n<\/ul>\n\n\n\n<p>Hace 12 a\u00f1os (el 14 de enero de 2014) fallec\u00eda en M\u00e9xico, a la edad de 83 a\u00f1os, Juan Gelman.<\/p>\n\n\n\n<p>En vida, el 10 de marzo de 1997 \u2013se cumple hoy un nuevo aniversario- obten\u00eda el&nbsp;<strong>Premio Nacional de Poes\u00eda<\/strong>&nbsp;por sus obras \u201cSalario del Imp\u00edo\u201d y \u201cDe Palabra\u201d<\/p>\n\n\n\n<p>Es una excelente ocasi\u00f3n para recordar a un poeta comprometido con la belleza, el compromiso pol\u00edtico y el cambio social, que en su caso iban de la mano. &nbsp;<\/p>\n\n\n\n<p>Fue el tercer hijo de un matrimonio de jud\u00edos inmigrantes ucranianos. Naci\u00f3 el 3 de mayo de 1930 en el barrio de Villa Crespo donde la colectividad estaba muy arraigada y eso adem\u00e1s lo llev\u00f3 a ser confeso hincha de Atlanta toda su vida.<\/p>\n\n\n\n<p><strong>A mi entender fue el poeta de habla castellana contempor\u00e1nea m\u00e1s importante que ha dado nuestro pa\u00eds<\/strong>. Su primer poema lo escribi\u00f3 de chico y fue para Ana, su vecinita de juegos en el barrio, aquella de las rodillas sucias a quien amaba a escondidas.<\/p>\n\n\n\n<p><strong>Creci\u00f3 con otros dos amores paralelos, como eran la pol\u00edtica y el baile del tango<\/strong>. As\u00ed fue, como con solamente 15 a\u00f1os ingres\u00f3 a la&nbsp;<strong>Federaci\u00f3n Juvenil Comunista<\/strong>&nbsp;(FJC).<\/p>\n\n\n\n<p>En un principio se gan\u00f3 la vida como empleado, camionero de una f\u00e1brica de muebles y vendedor de autopartes. En 1948 comenz\u00f3 a estudiar Qu\u00edmica en la UBA luego de recibirse como bachiller en el Colegio Nacional Buenos Aires, pero al poco tiempo dej\u00f3 para dedicarse de lleno a la poes\u00eda, una decisi\u00f3n arriesgada que le vali\u00f3 un comentario \u00e1cido de su madre: \u201cNunca vas a ganar dinero con eso\u201d.<\/p>\n\n\n\n<figure class=\"wp-block-image\"><img decoding=\"async\" src=\"https:\/\/kranear.com.ar\/public\/files\/images\/gelman-_407589.jpg\" alt=\"\"\/><\/figure>\n\n\n\n<p>Gelman gan\u00f3 el prestigioso premio Miguel de Cervantes.<\/p>\n\n\n\n<p>Pero con el tiempo ese \u201ceso\u201d ser\u00eda fundamental para su vida y la de tantos otros que nos enriquecimos con sus escritos po\u00e9ticos. En el mismo a\u00f1o que derrocaban a Per\u00f3n del gobierno por la fuerza de las armas (1955),&nbsp;<strong>Gelman fundaba el grupo de poetas comunistas \u201cEl Pan Duro\u201d<\/strong>&nbsp;con el fin de divulgar una poes\u00eda comprometida con las necesidades del pueblo.<\/p>\n\n\n\n<p>Como militante del&nbsp;<strong>Partido Comunista<\/strong>&nbsp;escribi\u00f3 en el semanario partidario&nbsp;<strong>\u201cNuestra Palabra\u201d<\/strong>&nbsp;y en el diario&nbsp;<strong>\u201cLa Hora\u201d<\/strong>.<\/p>\n\n\n\n<p>Isidoro Gilbert recuerda que&nbsp;<strong>Juan Gelman fue el primer procesado por la ley 17.401 de represi\u00f3n al comunismo<\/strong>&nbsp;cuando la oficina de avenida C\u00f3rdoba 887 donde funcionaban varias agencias de noticias extranjeras de pa\u00edses socialistas fue allanada a mediados de junio de 1963 por la Polic\u00eda Federal.<\/p>\n\n\n\n<p>Precisamente, luego, siendo corresponsal de la agencia china de noticias \u201cXin Hua\u201d comenz\u00f3 a revisar sus posturas ligadas al P.C. argentino y deslumbrado como tantos otros intelectuales por la Revoluci\u00f3n Cubana y teniendo en cuenta la posici\u00f3n refractaria de los comunistas org\u00e1nicos nativos a esa experiencia revolucionaria caribe\u00f1a de \u201cEl Che\u201d y Fidel, rompi\u00f3 en 1964 con el Partido Comunista.<\/p>\n\n\n\n<p><strong>En 1966 comienza a ganarse la vida como periodista<\/strong>; un segmento de su vida ascendente que lo mostrar\u00e1 como jefe de redacci\u00f3n de la revista&nbsp;<strong>\u201cPanorama\u201d<\/strong>&nbsp;(1969), secretario de redacci\u00f3n y director del suplemento cultural del diario de centro izquierda&nbsp;<strong>\u201cLa Opini\u00f3n\u201d<\/strong>&nbsp;(1971-1973), secretario de redacci\u00f3n de la m\u00edtica revista de cultura&nbsp;<strong>\u201cCrisis\u201d<\/strong>&nbsp;(1973-1974) y jefe de redacci\u00f3n del diario montonero&nbsp;<strong>\u201cNoticias\u201d<\/strong>&nbsp;(1974).<\/p>\n\n\n\n<p>Paralelamente, a principios de los \u201970, comienza un acercamiento al peronismo proscripto y a la necesidad impostergable de la lucha armada para desalojar del poder mal habido a la oligarqu\u00eda y el imperialismo.&nbsp;<strong>Se liga a las<\/strong>&nbsp;<strong>Fuerzas Armadas Revolucionarias<\/strong>&nbsp;(FAR) una organizaci\u00f3n guevarista que tambi\u00e9n abrevar\u00e1 en el peronismo revolucionario.&nbsp;<strong>Con la fusi\u00f3n de ambas organizaciones en 1973 pasa a ser oficial en Montoneros con el grado de Teniente.&nbsp;<\/strong><\/p>\n\n\n\n<p>Para abril de 1975, luego de innumerables amenazas de vida contra su persona por parte de la&nbsp;<strong>Triple A<\/strong>, se ve obligado a un exilio forzoso pero que no lo apartar\u00e1 de la pol\u00edtica. Vivir\u00e1 en Roma, Madrid, Managua, Paris, New York y finalmente M\u00e9xico que ser\u00e1 con el tiempo su segunda patria.&nbsp;<strong>En forma permanente denunciar\u00e1 las terribles violaciones a los derechos humanos por parte de la dictadura c\u00edvico-militar que rige en Argentina.&nbsp;<\/strong><\/p>\n\n\n\n<p><strong><\/strong>Juan Gelman con Horacio Verbitsky.<\/p>\n\n\n\n<p>La maldad intr\u00ednseca de estos,&nbsp;<strong>le llega de la peor forma al ser secuestrado y asesinado su hijo&nbsp;<\/strong><strong>Marcelo Ariel Gelman<\/strong>&nbsp;\u2013militante de la Uni\u00f3n de Estudiantes Secundarios- &nbsp;cuyos restos aparecen luego, adentro de un cilindro met\u00e1lico o tambor, rellenado con cemento y arrojado al r\u00edo. La esposa de su hijo \u2013militante de Juventud Peronista- de nombre&nbsp;<strong>Mar\u00eda Claudia Garc\u00eda Irureta Goyena, embarazada de 7 meses<\/strong>, tambi\u00e9n es secuestrada por estos defensores de la \u201ccivilizaci\u00f3n occidental y cristiana\u201d, que la trasladan al Uruguay y que la asesinan luego de su parto y el robo de la ni\u00f1a gestada (de nombre&nbsp;<strong>Mar\u00eda<\/strong>&nbsp;<strong>Macarena, recuperada con posteridad por su abuelo Juan Gelman<\/strong>, y el indispensable trabajo gen\u00e9tico de las Abuelas de Plaza de Mayo).<\/p>\n\n\n\n<p>En 1978, Juan Gelman, poniendo de manifiesto una valent\u00eda y arrojo no exento de temeridad,&nbsp;<strong>vuelve clandestino a la Argentina<\/strong>, con motivo del Mundial de F\u00fatbol que se desarrolla en nuestro pa\u00eds,&nbsp;<strong>con el \u00fanico fin de brindar entrevistas ocultas a medios period\u00edsticos extranjeros,&nbsp;<\/strong>poniendo de manifiesto, paralelamente, las atrocidades cometidas por los dictadores y la inquebrantable fe de su organizaci\u00f3n de seguir luchando junto al pueblo hasta que aquellos energ\u00famenos se vayan.<\/p>\n\n\n\n<p>No fue la primera vez que Gelman volvi\u00f3 clandestino a la patria, ya lo hab\u00eda hecho cumpliendo directivas de Montoneros, con anterioridad, en octubre de 1976.<\/p>\n\n\n\n<figure class=\"wp-block-image\"><img decoding=\"async\" src=\"https:\/\/kranear.com.ar\/public\/files\/images\/gelman-_407705.jpg\" alt=\"\"\/><\/figure>\n\n\n\n<p>Gelman, aparte de ser un poeta reconocido a nivel mundial, ejerci\u00f3 el periodismo.<\/p>\n\n\n\n<p>Como bien dice el periodista Marcelo Larraquy: \u201cSu presencia era muy valorada por la Conducci\u00f3n.&nbsp;<strong>Gelman era el \u2018canciller\u2019. El poeta-periodista que, como miembro de la Secretaria de Relaciones Exteriores del Movimiento Peronista Montonero<\/strong>&nbsp;-MPM- abr\u00eda la puerta a entrevistas con dirigentes de la socialdemocracia europea, como el alem\u00e1n Willy Brandt, Fran\u00e7ois Mitterrand, o el premier sueco Olof Palme, a quienes Montoneros trasladaba las denuncias contra la dictadura argentina\u201d.<\/p>\n\n\n\n<p>Sin embargo,&nbsp;<strong>la relaci\u00f3n pol\u00edtica adentro de esa organizaci\u00f3n pol\u00edtico-militar lleg\u00f3 a su fin en 1979<\/strong>&nbsp;cuando conjuntamente con otros militantes \u2013entre ellos Rodolfo Galimberti, Pablo y Miguel Fern\u00e1ndez Long, Marcelo Langieri, Arnaldo Lizaso, Ra\u00fal Magario, H\u00e9ctor Mauri\u00f1o, la ominosa Patricia Bullrich- rompen con la conducci\u00f3n nacional (en desacuerdo \u2013dicen- con una vena militarista evidenciada en la contraofensiva y que consideran nefasta) para formar parte de una disidencia de ef\u00edmera existencia conocida como \u201cPeronistas Montoneros\u201d y\/o \u201cMontoneros Aut\u00e9nticos\u201d.<\/p>\n\n\n\n<p>Las reflexiones sobre aquel per\u00edodo pueden encontrarse en el libro&nbsp;<strong>\u201cConversaciones con Juan Gelman. Contraderrota. Montoneros y la revoluci\u00f3n perdida\u201d<\/strong>, un largo reportaje que le hace a\u00fan en el exilio el periodista Roberto Mero y que se edita por Contrapunto en diciembre de 1987.<\/p>\n\n\n\n<p>Como se sabe en 1983, la Argentina recuper\u00f3 la democracia,&nbsp;<strong>pero Gelman se vio imposibilitado de volver, ya que ten\u00eda orden de captura<\/strong>, debido a una serie de causas judiciales abiertas en su contra por ser integrante de Montoneros.<\/p>\n\n\n\n<p><strong>Reci\u00e9n en junio de 1988 pudo regresar a la patria luego de a\u00f1os de proscripci\u00f3n y persecuci\u00f3n judicial<\/strong>&nbsp;a cargo, entre otros, del juez Miguel Pons, implacable en su misi\u00f3n de encarcelar a gente ligada al peronismo revolucionario que volv\u00eda del exilio.<\/p>\n\n\n\n<p><strong>Sin embargo, Gelm\u00e1n decidi\u00f3 volverse a M\u00e9xico, a vivir con su mujer&nbsp;<\/strong><strong>Mara Lamadrid&nbsp;<\/strong>que lo acompa\u00f1ar\u00eda fielmente hasta el fin de su existencia.<\/p>\n\n\n\n<p>El 8 de octubre de 1989 recibi\u00f3 un indulto presidencial por parte de Carlos Menen junto a otros 64 ex integrantes de organizaciones guerrilleras y militares acusados de \u201cgraves violaciones a los DD.HH\u201d.&nbsp;<strong>La equiparaci\u00f3n que se hizo de ambos grupos, cristalizando as\u00ed, la \u201cTeor\u00eda de los dos Demonios\u201d inventada por el gobierno alfonsinista a\u00f1os antes, lo llev\u00f3 a impugnar la medida que lo favorec\u00eda y a protestar p\u00fablicamente contra ella a trav\u00e9s de una nota publicada en el diario \u201cP\u00e1gina 12\u201d en el cual adem\u00e1s colaboraba como periodista.&nbsp;<\/strong><\/p>\n\n\n\n<p>Con motivo de un c\u00e1ncer de pulm\u00f3n que le detectaron sorpresivamente, dej\u00f3 de existir en ciudad de M\u00e9xico a la edad de 83 a\u00f1os, el 14 de enero de 2014, como enunci\u00e9 al comenzar esta nota.<\/p>\n\n\n\n<p><strong>Antes, se gan\u00f3 todos los premios literarios m\u00e1s importantes de nuestro idioma, inclusive el \u201cCervantes\u201d en el 2007 y escribi\u00f3 alrededor de treinta libros.&nbsp;<\/strong><\/p>\n\n\n\n<p>Cierro esta rese\u00f1a con una nota de color que puede ser insignificante para el potencial lector pero que para m\u00ed es muy importante.<\/p>\n\n\n\n<p>Ya trabajando en la Biblioteca Nacional de la Rep\u00fablica Argentina, a mediados de los \u201990, tuve oportunidad de tener un breve encuentro con Juan Gelman en el comedor de los trabajadores de ese organismo nacional; all\u00ed hab\u00edamos pactado encontrarnos ya que yo ten\u00eda una serie de recortes period\u00edsticos aparecidos oportunamente en revistas de actualidad de los \u00b460 donde hac\u00edan menci\u00f3n y comentaban su obra po\u00e9tica y la edici\u00f3n de libros de su autor\u00eda. Ser\u00edan uno quince o veinte art\u00edculos. Imagin\u00e9 con raz\u00f3n que \u00e9l no los habr\u00eda conservado teniendo en cuenta sus mudanzas, persecuciones y el exilio padecido. Imagin\u00e9 bien.&nbsp;<strong>Y a\u00fan recuerdo su agradecimiento emocionado por recibir esos papeles que hablaban de su vida, de su obra y que ya cre\u00eda irrecuperables.&nbsp;<\/strong>No recuerdo qu\u00e9 palabras me dijo, pero si tengo indeleblemente fijada en mi mente pese al tiempo transcurrido su mirada emocionada y agradecida sobre la m\u00eda.<\/p>\n\n\n\n<p><a href=\"https:\/\/kranear.com.ar\/etiqueta\/juan-gelman_281\">juan gelman<\/a><\/p>\n\n\n\n<h4 class=\"wp-block-heading\"><a href=\"https:\/\/kranear.com.ar\/autor\/roberto-baschetti\">Roberto Baschetti<\/a><\/h4>\n\n\n\n<p>Soci\u00f3logo, historiador, investigador. Autor de m\u00e1s de 50 libros sobre el peronismo revolucionario. Socio fundador de la editorial Jirones de mi vida.<\/p>\n\n\n\n<p><\/p>\n","protected":false},"excerpt":{"rendered":"<p>Un 10 de marzo, de 1997, Juan Gelman ganaba el Premio Nacional de Poes\u00eda, y&#8230;<\/p>\n","protected":false},"author":4,"featured_media":0,"comment_status":"open","ping_status":"open","sticky":false,"template":"","format":"standard","meta":{"footnotes":""},"categories":[1],"tags":[],"class_list":["post-1040","post","type-post","status-publish","format-standard","hentry","category-uncategorized"],"_links":{"self":[{"href":"https:\/\/radiola25.com.ar\/index.php\/wp-json\/wp\/v2\/posts\/1040","targetHints":{"allow":["GET"]}}],"collection":[{"href":"https:\/\/radiola25.com.ar\/index.php\/wp-json\/wp\/v2\/posts"}],"about":[{"href":"https:\/\/radiola25.com.ar\/index.php\/wp-json\/wp\/v2\/types\/post"}],"author":[{"embeddable":true,"href":"https:\/\/radiola25.com.ar\/index.php\/wp-json\/wp\/v2\/users\/4"}],"replies":[{"embeddable":true,"href":"https:\/\/radiola25.com.ar\/index.php\/wp-json\/wp\/v2\/comments?post=1040"}],"version-history":[{"count":1,"href":"https:\/\/radiola25.com.ar\/index.php\/wp-json\/wp\/v2\/posts\/1040\/revisions"}],"predecessor-version":[{"id":1042,"href":"https:\/\/radiola25.com.ar\/index.php\/wp-json\/wp\/v2\/posts\/1040\/revisions\/1042"}],"wp:attachment":[{"href":"https:\/\/radiola25.com.ar\/index.php\/wp-json\/wp\/v2\/media?parent=1040"}],"wp:term":[{"taxonomy":"category","embeddable":true,"href":"https:\/\/radiola25.com.ar\/index.php\/wp-json\/wp\/v2\/categories?post=1040"},{"taxonomy":"post_tag","embeddable":true,"href":"https:\/\/radiola25.com.ar\/index.php\/wp-json\/wp\/v2\/tags?post=1040"}],"curies":[{"name":"wp","href":"https:\/\/api.w.org\/{rel}","templated":true}]}}